{"id":75110,"count":1,"description":"","link":"https:\/\/www.europesays.com\/de\/tag\/sarah-engels-im-visier-von-muenchner-beauty-doc-ehemann-springt-fuer-saengerin-in-die-bresche-sarah-engels\/","name":"Sarah Engels im Visier von M\u00fcnchner Beauty-Doc: Ehemann springt f\u00fcr S\u00e4ngerin in die Bresche \/\/ Sarah Engels","slug":"sarah-engels-im-visier-von-muenchner-beauty-doc-ehemann-springt-fuer-saengerin-in-die-bresche-sarah-engels","taxonomy":"post_tag","meta":[],"_links":{"self":[{"href":"https:\/\/www.europesays.com\/de\/wp-json\/wp\/v2\/tags\/75110","targetHints":{"allow":["GET"]}}],"collection":[{"href":"https:\/\/www.europesays.com\/de\/wp-json\/wp\/v2\/tags"}],"about":[{"href":"https:\/\/www.europesays.com\/de\/wp-json\/wp\/v2\/taxonomies\/post_tag"}],"wp:post_type":[{"href":"https:\/\/www.europesays.com\/de\/wp-json\/wp\/v2\/posts?tags=75110"}],"curies":[{"name":"wp","href":"https:\/\/api.w.org\/{rel}","templated":true}]}}