{"id":89312,"count":3,"description":"","link":"https:\/\/www.europesays.com\/de\/tag\/orkun-koekcue\/","name":"Orkun K\u00f6k\u00e7\u00fc","slug":"orkun-koekcue","taxonomy":"post_tag","meta":[],"_links":{"self":[{"href":"https:\/\/www.europesays.com\/de\/wp-json\/wp\/v2\/tags\/89312","targetHints":{"allow":["GET"]}}],"collection":[{"href":"https:\/\/www.europesays.com\/de\/wp-json\/wp\/v2\/tags"}],"about":[{"href":"https:\/\/www.europesays.com\/de\/wp-json\/wp\/v2\/taxonomies\/post_tag"}],"wp:post_type":[{"href":"https:\/\/www.europesays.com\/de\/wp-json\/wp\/v2\/posts?tags=89312"}],"curies":[{"name":"wp","href":"https:\/\/api.w.org\/{rel}","templated":true}]}}