{"id":90612,"count":1,"description":"","link":"https:\/\/www.europesays.com\/de\/tag\/die-schickeria-obermenzing-muss-schliessen-ist-eine-pachterhoehung-schuldplaene-gescheitert-dieses-muenchner-lokal-muss-nach-einem-jahr-wieder-schliessentreffpunkt-fuer-das\/","name":"Die Schickeria Obermenzing muss schlie\u00dfen: Ist eine Pachterh\u00f6hung schuld?Pl\u00e4ne gescheitert: Dieses M\u00fcnchner Lokal muss nach einem Jahr wieder schlie\u00dfenTreffpunkt f\u00fcr das","slug":"die-schickeria-obermenzing-muss-schliessen-ist-eine-pachterhoehung-schuldplaene-gescheitert-dieses-muenchner-lokal-muss-nach-einem-jahr-wieder-schliessentreffpunkt-fuer-das","taxonomy":"post_tag","meta":[],"_links":{"self":[{"href":"https:\/\/www.europesays.com\/de\/wp-json\/wp\/v2\/tags\/90612","targetHints":{"allow":["GET"]}}],"collection":[{"href":"https:\/\/www.europesays.com\/de\/wp-json\/wp\/v2\/tags"}],"about":[{"href":"https:\/\/www.europesays.com\/de\/wp-json\/wp\/v2\/taxonomies\/post_tag"}],"wp:post_type":[{"href":"https:\/\/www.europesays.com\/de\/wp-json\/wp\/v2\/posts?tags=90612"}],"curies":[{"name":"wp","href":"https:\/\/api.w.org\/{rel}","templated":true}]}}