{"id":9024,"date":"2026-09-04T11:21:06","date_gmt":"2026-09-04T11:21:06","guid":{"rendered":"https:\/\/www.europesays.com\/defence\/9024\/"},"modified":"2026-09-04T11:21:06","modified_gmt":"2026-09-04T11:21:06","slug":"u-s-air-force-says-nato-tested-combat-readiness-in-increasingly-contested-arctic-during-11-nation-northern-viking-26-operations","status":"publish","type":"post","link":"https:\/\/www.europesays.com\/defence\/9024\/","title":{"rendered":"U.S. Air Force says NATO tested combat readiness in increasingly contested Arctic during 11-nation Northern Viking 26 operations"},"content":{"rendered":"<p>U.S. and NATO forces completed nine days of multidomain operations in Iceland on Sept. 3, testing their ability to deploy and operate in the High North. Northern Viking 26 brought together personnel from 11 nations for airlift, search-and-rescue, medical and command-and-control missions in demanding Arctic conditions.<\/p>\n<p>Iceland hosted the exercise, which was led by U.S. Naval Forces Europe-Africa and included U.S. Air Force, U.S. Navy and allied units. The forces refined joint procedures for the defense of Iceland and infrastructure considered critical to NATO while supporting deterrence across the Arctic and North Atlantic.<\/p>\n<p>The exercise coincided with the 75th anniversary of the U.S.-Icelandic bilateral defense agreement. That relationship provided the framework for cooperation between Icelandic authorities, U.S. forces and other NATO allies during the training.<\/p>\n<p>\u201cNorthern Viking is precisely a dynamic, practical demonstration of the commitments we have made to one another, underpinned by our shared interests,\u201d said \u00deorger\u00f0ur Katr\u00edn Gunnarsd\u00f3ttir, Minister for Foreign Affairs of Iceland. \u201cOur readiness cannot be improvised during a crisis; it must be practiced, tested and refined beforehand.\u201d<\/p>\n<p>The 37th Airlift Squadron practiced landing on grass and sand strips, building its ability to operate from austere locations. Aircrews also supported search-and-rescue missions while adapting to the conditions that affect flying in the High North.<\/p>\n<p>The 86th Medical Group worked on configuring aeromedical evacuation capabilities for any available aircraft. Participants also practiced rapidly establishing expeditionary operations at different locations when required.<\/p>\n<p>The training culminated in simulated mass-casualty and search-and-rescue events involving Icelandic personnel and U.S. pararescuemen from the 38th Rescue Squadron. They secured incident sites, stabilized patients and carried out aeromedical transfers to higher levels of care.<\/p>\n<p>\u201cOperating in the rugged Icelandic environment provided realistic training that further strengthened our readiness to respond to any search and rescue event in the High North,\u201d said U.S. Air Force Capt. Luke Hamlin, 38th RQS combat rescue officer. \u201cIt was tremendously valuable working shoulder-to-shoulder with the Icelandic Coast Guard, building cohesion and sharing expertise.\u201d<\/p>\n<p>U.S. participants included the 86th Airlift Wing and 435th Air-Ground Operations Wing from Ramstein Air Base, Germany, the Texas Air National Guard\u2019s 147th Attack Wing and the 38th Rescue Squadron from Moody Air Force Base, Georgia. U.S. Navy units also participated alongside allied military forces and civilian authorities.<\/p>\n<p>For U.S. Air Forces in Europe\u2013Air Forces Africa, Northern Viking 26 provided a venue for testing new capabilities and completing unit certifications. It also reinforced joint operating procedures intended to support a coordinated response to security challenges in the region.<\/p>\n<p>\u201cFor 75 years, Iceland and the United States have built such a relationship,\u201d Gunnarsd\u00f3ttir said. \u201cToday, together with Allies from across NATO, we continue to put that relationship into practice.\u201d<\/p>\n","protected":false},"excerpt":{"rendered":"U.S. and NATO forces completed nine days of multidomain operations in Iceland on Sept. 3, testing their ability&hellip;\n","protected":false},"author":2,"featured_media":9025,"comment_status":"","ping_status":"","sticky":false,"template":"","format":"standard","meta":{"footnotes":""},"categories":[2],"tags":[14],"class_list":["post-9024","post","type-post","status-publish","format-standard","has-post-thumbnail","category-news","tag-defence-industry"],"_links":{"self":[{"href":"https:\/\/www.europesays.com\/defence\/wp-json\/wp\/v2\/posts\/9024","targetHints":{"allow":["GET"]}}],"collection":[{"href":"https:\/\/www.europesays.com\/defence\/wp-json\/wp\/v2\/posts"}],"about":[{"href":"https:\/\/www.europesays.com\/defence\/wp-json\/wp\/v2\/types\/post"}],"author":[{"embeddable":true,"href":"https:\/\/www.europesays.com\/defence\/wp-json\/wp\/v2\/users\/2"}],"replies":[{"embeddable":true,"href":"https:\/\/www.europesays.com\/defence\/wp-json\/wp\/v2\/comments?post=9024"}],"version-history":[{"count":0,"href":"https:\/\/www.europesays.com\/defence\/wp-json\/wp\/v2\/posts\/9024\/revisions"}],"wp:featuredmedia":[{"embeddable":true,"href":"https:\/\/www.europesays.com\/defence\/wp-json\/wp\/v2\/media\/9025"}],"wp:attachment":[{"href":"https:\/\/www.europesays.com\/defence\/wp-json\/wp\/v2\/media?parent=9024"}],"wp:term":[{"taxonomy":"category","embeddable":true,"href":"https:\/\/www.europesays.com\/defence\/wp-json\/wp\/v2\/categories?post=9024"},{"taxonomy":"post_tag","embeddable":true,"href":"https:\/\/www.europesays.com\/defence\/wp-json\/wp\/v2\/tags?post=9024"}],"curies":[{"name":"wp","href":"https:\/\/api.w.org\/{rel}","templated":true}]}}