{"id":100565,"date":"2026-06-05T09:34:28","date_gmt":"2026-06-05T09:34:28","guid":{"rendered":"https:\/\/www.europesays.com\/dk\/100565\/"},"modified":"2026-06-05T09:34:28","modified_gmt":"2026-06-05T09:34:28","slug":"prime-minister-orpo-to-attend-nordic-baltic-summit-in-tallinn","status":"publish","type":"post","link":"https:\/\/www.europesays.com\/dk\/100565\/","title":{"rendered":"Prime Minister Orpo to attend Nordic-Baltic Summit in Tallinn"},"content":{"rendered":"\n<p class=\"ingress\">Prime Minister Petteri Orpo will take part in a Nordic-Baltic (NB8) Summit in Tallinn on Tuesday 9 June. Items on the agenda for the summit include Ukraine and European security, defence industry cooperation, competitiveness and the use of artificial intelligence.<\/p>\n<p>\u201cThe Nordic and Baltic countries are Finland\u2019s closest partners. Russia\u2019s war of aggression against Ukraine is now spilling over into our territory. We have close and good relations and our support for Ukraine is strong. I also see a great deal of potential in working together to find concrete and scalable solutions in the fields of AI and digitalisation. This would boost each country\u2019s competitiveness,\u201d Prime Minister Orpo said.\u00a0<\/p>\n<p>The summit will be chaired by the Prime Minister of Estonia, Kristen Michal. It will also be attended by Latvian Prime Minister Evika Sili\u0146a, Lithuanian President Gitanas Naus\u0117da, Swedish Prime Minister Ulf Kristersson, Norwegian Prime Minister Jonas Gahr St\u00f8re, Danish Prime Minister Mette Frederiksen and Icelandic Prime Minister Kristr\u00fan Frostad\u00f3ttir.<\/p>\n<p>Nordic-Baltic cooperation (NB8) is an informal regional cooperation format. \u00a0Since 1992, it has brought together the five Nordic and three Baltic countries: Finland, Sweden, Norway, Iceland, Denmark, Estonia, Latvia and Lithuania. Estonia holds the NB8 chairmanship in 2026.<\/p>\n<p>Inquiries: Laura Quist, Diplomatic Adviser to the Prime Minister, tel. +358 50 439 1677, Kirsi H\u00f6ltt\u00e4, Special Adviser, tel. +358 295 160 554 and Lauri Heikkinen, Senior Communications Specialist, tel. +358 46 923 5090, Prime Minister\u2019s Office<br \/>\u00a0<\/p>\n","protected":false},"excerpt":{"rendered":"Prime Minister Petteri Orpo will take part in a Nordic-Baltic (NB8) Summit in Tallinn on Tuesday 9 June.&hellip;\n","protected":false},"author":2,"featured_media":100566,"comment_status":"","ping_status":"","sticky":false,"template":"","format":"standard","meta":{"footnotes":"","_share_on_mastodon":"0"},"categories":[89],"tags":[51624,167,37220,5283,4190,5285,42857,4201,5284,166,4189,5338,5282,4193,4194,4178],"class_list":["post-100565","post","type-post","status-publish","format-standard","has-post-thumbnail","category-tallinn","tag-baltia-juho-p11158","tag-estonia","tag-ihmisen-maarittamat-alueet-yso-p880","tag-kansainvaliset-suhteet-p287","tag-mentaaliset-ominaisuudet-yso-p115","tag-ministeriot-yso-p13770","tag-pohjoismaat-p7929","tag-prime-minister","tag-suhteet-yso-p1372","tag-tallinn","tag-turvallisuus-p2931","tag-ukraina-p9661","tag-valtioneuvoston-kanslia-p4132","tag-valtiot-yso-p3215","tag-viro-p8787","tag-yhteiskunnalliset-ominaisuudet-yso-p28822"],"share_on_mastodon":{"url":"https:\/\/pubeurope.com\/@dk\/116696820262538632","error":""},"_links":{"self":[{"href":"https:\/\/www.europesays.com\/dk\/wp-json\/wp\/v2\/posts\/100565","targetHints":{"allow":["GET"]}}],"collection":[{"href":"https:\/\/www.europesays.com\/dk\/wp-json\/wp\/v2\/posts"}],"about":[{"href":"https:\/\/www.europesays.com\/dk\/wp-json\/wp\/v2\/types\/post"}],"author":[{"embeddable":true,"href":"https:\/\/www.europesays.com\/dk\/wp-json\/wp\/v2\/users\/2"}],"replies":[{"embeddable":true,"href":"https:\/\/www.europesays.com\/dk\/wp-json\/wp\/v2\/comments?post=100565"}],"version-history":[{"count":0,"href":"https:\/\/www.europesays.com\/dk\/wp-json\/wp\/v2\/posts\/100565\/revisions"}],"wp:featuredmedia":[{"embeddable":true,"href":"https:\/\/www.europesays.com\/dk\/wp-json\/wp\/v2\/media\/100566"}],"wp:attachment":[{"href":"https:\/\/www.europesays.com\/dk\/wp-json\/wp\/v2\/media?parent=100565"}],"wp:term":[{"taxonomy":"category","embeddable":true,"href":"https:\/\/www.europesays.com\/dk\/wp-json\/wp\/v2\/categories?post=100565"},{"taxonomy":"post_tag","embeddable":true,"href":"https:\/\/www.europesays.com\/dk\/wp-json\/wp\/v2\/tags?post=100565"}],"curies":[{"name":"wp","href":"https:\/\/api.w.org\/{rel}","templated":true}]}}