{"id":106801,"date":"2026-06-12T20:39:13","date_gmt":"2026-06-12T20:39:13","guid":{"rendered":"https:\/\/www.europesays.com\/dk\/106801\/"},"modified":"2026-06-12T20:39:13","modified_gmt":"2026-06-12T20:39:13","slug":"turkish-court-jails-33-female-students-over-alleged-gulen-links","status":"publish","type":"post","link":"https:\/\/www.europesays.com\/dk\/106801\/","title":{"rendered":"Turkish court jails 33 female students over alleged G\u00fclen links"},"content":{"rendered":"<p>            <a href=\"https:\/\/stockholmcf.org\/wp-content\/uploads\/2026\/06\/ogrencison.png\" data-caption=\"\" rel=\"nofollow noopener\" target=\"_blank\"><img decoding=\"async\" fetchpriority=\"high\" width=\"696\" height=\"464\" class=\"entry-thumb td-modal-image\" src=\"https:\/\/www.europesays.com\/dk\/wp-content\/uploads\/2026\/06\/ogrencison-696x464.png\"   alt=\"\" title=\"ogrencison\"\/><\/a><\/p>\n<p class=\"wp-block-paragraph\">A Turkish court jailed 33 female students pending trial on charges of alleged links to the faith-based G\u00fclen movement after they were detained in an \u0130zmir-based investigation, the TR724 news website <a href=\"https:\/\/www.tr724.com\/guncelleniyor-izmirde-gozaltina-alinan-40-ogrenciden-34u-tutuklandi\/\" rel=\"nofollow noopener\" target=\"_blank\">reported<\/a>.<\/p>\n<p class=\"wp-block-paragraph\">The students were among 78 people detained in police operations across 12 provinces. The operations covered \u0130zmir, Adana, Ayd\u0131n, Bal\u0131kesir, Bilecik, Denizli, D\u00fczce, Isparta, K\u00fctahya, Manisa, Ni\u011fde and U\u015fak.<\/p>\n<p class=\"wp-block-paragraph\">The Izmir Chief Public Prosecutor\u2019s Office, which led the investigation, accused the students of taking part in the movement\u2019s ongoing activities, providing financial support to the movement, attending overseas programs that authorities said were disguised as tourism and helping cover rent and food costs for houses allegedly used by the group.\u00a0<\/p>\n<p class=\"wp-block-paragraph\">The students were questioned over activities including renting homes together, sharing expenses, meeting friends and traveling to Balkan countries such as Bosnia and Herzegovina for tourism.\u00a0<\/p>\n<p class=\"wp-block-paragraph\">Police seized foreign currency, precious metals, Turkish lira, documents and digital materials worth about 3.3 million Turkish lira ($82,000) during searches of\u00a0 homes.<\/p>\n<p class=\"wp-block-paragraph\">Thirty-nine students were referred to court after their detention. Six were released under judicial supervision, a measure that can include regular check-ins with authorities or travel restrictions.\u00a0<\/p>\n<p class=\"wp-block-paragraph\">Those jailed included students from several universities in western Turkey, including medical, law, engineering and theology students.<\/p>\n<p class=\"wp-block-paragraph\">Turkish President Recep Tayyip Erdo\u011fan has targeted followers of the G\u00fclen movement, inspired by the late Muslim cleric Fethullah G\u00fclen, since corruption investigations in December 2013 implicated him as well as some members of his family and inner circle. He dismissed the probes as a G\u00fclenist conspiracy and later designated the movement a terrorist organization in May 2016, intensifying a sweeping crackdown after a coup attempt in July of the same year that he accused G\u00fclen of orchestrating. The movement denies involvement in the coup attempt or any terrorist activity.<\/p>\n<p class=\"wp-block-paragraph\">According to the latest figures from the justice ministry, more than 126,000 people have been <a href=\"https:\/\/basin.adalet.gov.tr\/adalet-bakani-yilmaz-tunc-canli-yayinda-sorulari-yanitladi_114893\" rel=\"nofollow noopener\" target=\"_blank\">convicted<\/a> for alleged links to the movement since 2016, with 11,085 still in prison. Legal proceedings are ongoing for over 24,000 individuals, while another 58,000 remain under active investigation nearly a decade later.<\/p>\n<p class=\"wp-block-paragraph\">In addition to the thousands who were jailed, scores of other G\u00fclen movement followers had to flee Turkey to avoid the government crackdown.<\/p>\n","protected":false},"excerpt":{"rendered":"A Turkish court jailed 33 female students pending trial on charges of alleged links to the faith-based G\u00fclen&hellip;\n","protected":false},"author":2,"featured_media":106802,"comment_status":"","ping_status":"","sticky":false,"template":"","format":"standard","meta":{"footnotes":"","_share_on_mastodon":"0"},"categories":[83],"tags":[54298,422,423,6872,25158,54299,425,46259,54300,426,311,312,54301,50354,427,54302,428,54303,54304,429,431,131,132,155,54305],"class_list":["post-106801","post","type-post","status-publish","format-standard","has-post-thumbnail","category-stockholm","tag-adana","tag-ak-party","tag-akp","tag-aydin","tag-balikesir","tag-bilecik","tag-democracy","tag-denizli","tag-duzce","tag-erdogan","tag-gulen-movement","tag-human-rights","tag-isparta","tag-izmir","tag-justice","tag-kutahya","tag-law","tag-manisa","tag-nigde","tag-oppression","tag-rule-of-law","tag-stockholm","tag-sweden","tag-turkey","tag-usak"],"share_on_mastodon":{"url":"https:\/\/pubeurope.com\/@dk\/116739071597350441","error":""},"_links":{"self":[{"href":"https:\/\/www.europesays.com\/dk\/wp-json\/wp\/v2\/posts\/106801","targetHints":{"allow":["GET"]}}],"collection":[{"href":"https:\/\/www.europesays.com\/dk\/wp-json\/wp\/v2\/posts"}],"about":[{"href":"https:\/\/www.europesays.com\/dk\/wp-json\/wp\/v2\/types\/post"}],"author":[{"embeddable":true,"href":"https:\/\/www.europesays.com\/dk\/wp-json\/wp\/v2\/users\/2"}],"replies":[{"embeddable":true,"href":"https:\/\/www.europesays.com\/dk\/wp-json\/wp\/v2\/comments?post=106801"}],"version-history":[{"count":0,"href":"https:\/\/www.europesays.com\/dk\/wp-json\/wp\/v2\/posts\/106801\/revisions"}],"wp:featuredmedia":[{"embeddable":true,"href":"https:\/\/www.europesays.com\/dk\/wp-json\/wp\/v2\/media\/106802"}],"wp:attachment":[{"href":"https:\/\/www.europesays.com\/dk\/wp-json\/wp\/v2\/media?parent=106801"}],"wp:term":[{"taxonomy":"category","embeddable":true,"href":"https:\/\/www.europesays.com\/dk\/wp-json\/wp\/v2\/categories?post=106801"},{"taxonomy":"post_tag","embeddable":true,"href":"https:\/\/www.europesays.com\/dk\/wp-json\/wp\/v2\/tags?post=106801"}],"curies":[{"name":"wp","href":"https:\/\/api.w.org\/{rel}","templated":true}]}}