{"id":152243,"date":"2026-08-25T13:52:43","date_gmt":"2026-08-25T13:52:43","guid":{"rendered":"https:\/\/www.europesays.com\/dk\/152243\/"},"modified":"2026-08-25T13:52:43","modified_gmt":"2026-08-25T13:52:43","slug":"phase-1-of-helsinki-expo-solar-extension-complete-exhibition-news","status":"publish","type":"post","link":"https:\/\/www.europesays.com\/dk\/152243\/","title":{"rendered":"Phase 1 of Helsinki Expo Solar extension complete &#8211; Exhibition News"},"content":{"rendered":"<p>        <img width=\"1000\" height=\"560\" src=\"https:\/\/www.europesays.com\/dk\/wp-content\/uploads\/2026\/08\/Messukeskus_Solar-crop_Lanseeraus_Sisaantulo-1000x560.webp\" class=\"attachment-ennews-hero size-ennews-hero wp-post-image\" alt=\"Messekuskus Solar extension\" decoding=\"async\" fetchpriority=\"high\"  \/><\/p>\n<p>Messukeskus Solar extension render<\/p>\n<p class=\"wp-block-paragraph\">The first visible phase of the construction of Solar, the \u20ac20m extension of the <a href=\"https:\/\/www.c-mw.net\/venues\/messukeskus-helsinki-expo-and-convention-centre\/\" rel=\"nofollow noopener\" target=\"_blank\">Helsinki Expo and Convention Centre<\/a> in Finland, has been completed. The renewed southern main entrance of the Centre will be taken into use in time for the SSIEM 2026 Congress, which begins 25 August, and the design and interior Habitare fair. The new Solar event space on Messuaukio square, will be completed in autumn 2027.<\/p>\n<p class=\"wp-block-paragraph\">Construction of <a href=\"https:\/\/exhibitionnews.uk\/helsinki-expo-and-convention-centre-acquires-solar-power-plant\/\" rel=\"nofollow noopener\" target=\"_blank\">Solar<\/a> has advanced significantly over the summer and the building\u2019s frame, touching 14m in some areas, is now in place.<\/p>\n<p class=\"wp-block-paragraph\">With the completion of the first phase of construction, a new Messuaukio square entrance to the Expo will be opened for use.<\/p>\n<p class=\"wp-block-paragraph\">\u201cConstruction of Solar is progressing according to plan, and the new event space has generated exceptionally strong interest among our customers. A substantial number of bookings have already been made. Solar will strengthen Helsinki Expo and Convention Centre as an international event venue,\u201d said\u00a0Veronica Lindholm, CEO of The Finnish Fair Corporation.<\/p>\n<p class=\"wp-block-paragraph\">Designed by Davidsson Tarkela Siren Architects, the glass-structured building will, upon completion, combine a new architecture with striking contemporary digital surfaces. \u00a0The project is being delivered in partnership with YIT and partners, including Siren, Sweco Structural Engineering, \u00c4yr\u00e4v\u00e4inen Engineering and E-Plan Engineering.<\/p>\n<p class=\"wp-block-paragraph\">Operations at Helsinki Expo and Convention Centre will continue uninterrupted throughout the construction period until autumn 2027. During events in autumn 2026 and spring 2027, visitors will primarily use the southern and northern entrances, while the western and eastern entrances will also be opened when necessary.<\/p>\n","protected":false},"excerpt":{"rendered":"Messukeskus Solar extension render The first visible phase of the construction of Solar, the \u20ac20m extension of the&hellip;\n","protected":false},"author":2,"featured_media":152244,"comment_status":"","ping_status":"","sticky":false,"template":"","format":"standard","meta":{"footnotes":"","_share_on_mastodon":"0"},"categories":[87],"tags":[71685,71686,158,113,3924],"class_list":["post-152243","post","type-post","status-publish","format-standard","has-post-thumbnail","category-helsinki","tag-ufi-eventprofs","tag-aipc","tag-finland","tag-helsinki","tag-venues"],"share_on_mastodon":{"url":"https:\/\/pubeurope.com\/@dk\/117156482226886958","error":""},"_links":{"self":[{"href":"https:\/\/www.europesays.com\/dk\/wp-json\/wp\/v2\/posts\/152243","targetHints":{"allow":["GET"]}}],"collection":[{"href":"https:\/\/www.europesays.com\/dk\/wp-json\/wp\/v2\/posts"}],"about":[{"href":"https:\/\/www.europesays.com\/dk\/wp-json\/wp\/v2\/types\/post"}],"author":[{"embeddable":true,"href":"https:\/\/www.europesays.com\/dk\/wp-json\/wp\/v2\/users\/2"}],"replies":[{"embeddable":true,"href":"https:\/\/www.europesays.com\/dk\/wp-json\/wp\/v2\/comments?post=152243"}],"version-history":[{"count":0,"href":"https:\/\/www.europesays.com\/dk\/wp-json\/wp\/v2\/posts\/152243\/revisions"}],"wp:featuredmedia":[{"embeddable":true,"href":"https:\/\/www.europesays.com\/dk\/wp-json\/wp\/v2\/media\/152244"}],"wp:attachment":[{"href":"https:\/\/www.europesays.com\/dk\/wp-json\/wp\/v2\/media?parent=152243"}],"wp:term":[{"taxonomy":"category","embeddable":true,"href":"https:\/\/www.europesays.com\/dk\/wp-json\/wp\/v2\/categories?post=152243"},{"taxonomy":"post_tag","embeddable":true,"href":"https:\/\/www.europesays.com\/dk\/wp-json\/wp\/v2\/tags?post=152243"}],"curies":[{"name":"wp","href":"https:\/\/api.w.org\/{rel}","templated":true}]}}