{"id":157163,"date":"2026-09-01T16:28:15","date_gmt":"2026-09-01T16:28:15","guid":{"rendered":"https:\/\/www.europesays.com\/dk\/157163\/"},"modified":"2026-09-01T16:28:15","modified_gmt":"2026-09-01T16:28:15","slug":"turkish-comedian-rearrested-on-2-charges-after-prosecutors-appeal","status":"publish","type":"post","link":"https:\/\/www.europesays.com\/dk\/157163\/","title":{"rendered":"Turkish comedian rearrested on 2 charges after prosecutor\u2019s appeal"},"content":{"rendered":"<p>            <a href=\"https:\/\/stockholmcf.org\/wp-content\/uploads\/2026\/07\/Deniz-Goktas.jpeg\" data-caption=\"\" rel=\"nofollow noopener\" target=\"_blank\"><img loading=\"lazy\" decoding=\"async\" width=\"696\" height=\"392\" class=\"entry-thumb td-modal-image\" src=\"data:image\/svg+xml,%3Csvg%20xmlns=\" http:=\"\" data-lazy- data-lazy- alt=\"\" title=\"Deniz Go\u0308ktas\u0327\" data-lazy-src=\"https:\/\/www.europesays.com\/dk\/wp-content\/uploads\/2026\/09\/Deniz-Goktas-696x392.jpeg\"\/><img loading=\"lazy\" decoding=\"async\" width=\"696\" height=\"392\" class=\"entry-thumb td-modal-image\" src=\"https:\/\/www.europesays.com\/dk\/wp-content\/uploads\/2026\/09\/Deniz-Goktas-696x392.jpeg\"   alt=\"\" title=\"Deniz Go\u0308ktas\u0327\"\/><\/a><\/p>\n<p class=\"wp-block-paragraph\">A Turkish court has ordered comedian Deniz G\u00f6kta\u015f jailed again on charges of insulting the president and inciting hatred, reversing a decision that had approved his release on those counts only days earlier, the Anka news agency reported.<\/p>\n<p class=\"wp-block-paragraph\">G\u00f6kta\u015f had remained in prison after Friday\u2019s release order because prosecutors immediately brought a new accusation of \u201cpraising crime and criminals\u201d based on the same stand-up show and secured a separate ruling for his continued detention.<\/p>\n<p class=\"wp-block-paragraph\">With the latest decision, he is now being held on three counts stemming from remarks in his 90-minute \u201c\u00d6l\u00fc Deniz\u201d (Dead Sea) performance.<\/p>\n<p class=\"wp-block-paragraph\">The \u0130stanbul 61st Criminal Court of First Instance on Friday had ordered G\u00f6kta\u015f released pending trial on charges of insulting President Recep Tayyip Erdo\u011fan and publicly inciting hatred and hostility.<\/p>\n<p class=\"wp-block-paragraph\">Prosecutors challenged the ruling, prompting the \u0130stanbul 28th High Criminal Court to issue an arrest warrant on August 31. G\u00f6kta\u015f, who was already in the Karatepe High-Security Prison in northwestern Turkey on the separate charge, appeared at a hearing by video link.<\/p>\n<p class=\"wp-block-paragraph\">G\u00f6kta\u015f told the court that the remarks in his shows and social media posts were political satire and that he had not intended to insult anyone, according to Anka.<\/p>\n<p class=\"wp-block-paragraph\">He also said he had voluntarily returned to Turkey despite knowing about the investigation, arguing that this showed he posed no flight risk.<\/p>\n<p class=\"wp-block-paragraph\">His lawyers asked the court to reject the prosecutor\u2019s appeal, saying their client had neither attempted to flee nor had any opportunity to tamper with evidence.<\/p>\n<p class=\"wp-block-paragraph\">The court unanimously ordered G\u00f6kta\u015f detained separately on both counts, citing what it called evidence supporting reasonable suspicion, the potential sentences, the state of the evidence and an alleged flight risk. His lawyers may appeal the decision to the \u0130stanbul 29th High Criminal Court.<\/p>\n<p class=\"wp-block-paragraph\">The latest ruling followed an extraordinary sequence on Friday in which G\u00f6kta\u015f was ordered released after 56 days in pretrial detention but was brought before another court by video link before prison officials had prepared his release documents.<\/p>\n<p class=\"wp-block-paragraph\">Prosecutors accused him of praising crime and criminals over a passage in the same show in which he joked about how inexpensive and easy it was to hire a contract killer in Turkey. The routine referred to the\u00a0Daltonlar, an organized crime group linked to killings and armed attacks.<\/p>\n<p class=\"wp-block-paragraph\">The \u0130stanbul 4th Criminal Court of Peace said the remarks praised the group, legitimized its crimes and made criminal services easier to access. It ordered G\u00f6kta\u015f jailed pending trial, citing flight risk and the possibility of evidence tampering.<\/p>\n<p class=\"wp-block-paragraph\">G\u00f6kta\u015f denied praising the gang, saying the joke was intended as criticism of crime, violence and Turkey\u2019s growing impoverishment.<\/p>\n<p class=\"wp-block-paragraph\">His lawyers said they were not notified of Friday\u2019s hearing and that G\u00f6kta\u015f was represented by a bar-appointed attorney. They accused prosecutors of introducing the new allegation minutes after the release ruling and outside regular office hours to prevent him from leaving prison.<\/p>\n<p class=\"wp-block-paragraph\">G\u00f6kta\u015f, 32, was\u00a0detained\u00a0at \u0130stanbul Airport on July 2 after voluntarily returning from a trip abroad and was jailed the following day.<\/p>\n<p class=\"wp-block-paragraph\">Images shared publicly showed him being led away in handcuffs. He has since been held at the Karatepe prison, one of Turkey\u2019s high-security facilities commonly described by critics as \u201cpit-type\u201d prisons because of their architecture and extensive use of solitary confinement.<\/p>\n<p class=\"wp-block-paragraph\">The investigation was launched over remarks in \u201c\u00d6l\u00fc Deniz,\u201d which G\u00f6kta\u015f posted on YouTube on June 24. The show had attracted 12.7 million views when a court\u00a0blocked access\u00a0to it in Turkey on July 9.<\/p>\n<p class=\"wp-block-paragraph\">His arrest prompted\u00a0protests\u00a0from rights groups, opposition parties and fellow performers, who accused the government of criminalizing satire and using pretrial detention as a form of punishment.<\/p>\n<p class=\"wp-block-paragraph\">This article is republished from\u00a0<a href=\"https:\/\/turkishminute.com\/\" rel=\"nofollow noopener\" target=\"_blank\">Turkish Minute<\/a>.<\/p>\n","protected":false},"excerpt":{"rendered":"A Turkish court has ordered comedian Deniz G\u00f6kta\u015f jailed again on charges of insulting the president and inciting&hellip;\n","protected":false},"author":2,"featured_media":157164,"comment_status":"","ping_status":"","sticky":false,"template":"","format":"standard","meta":{"footnotes":"","_share_on_mastodon":"0"},"categories":[83],"tags":[73772,422,423,425,58827,426,312,427,428,429,431,131,132,155],"class_list":["post-157163","post","type-post","status-publish","format-standard","has-post-thumbnail","category-stockholm","tag-olu-deniz-dead-sea","tag-ak-party","tag-akp","tag-democracy","tag-deniz-goktas","tag-erdogan","tag-human-rights","tag-justice","tag-law","tag-oppression","tag-rule-of-law","tag-stockholm","tag-sweden","tag-turkey"],"share_on_mastodon":{"url":"https:\/\/pubeurope.com\/@dk\/117196731827535572","error":""},"_links":{"self":[{"href":"https:\/\/www.europesays.com\/dk\/wp-json\/wp\/v2\/posts\/157163","targetHints":{"allow":["GET"]}}],"collection":[{"href":"https:\/\/www.europesays.com\/dk\/wp-json\/wp\/v2\/posts"}],"about":[{"href":"https:\/\/www.europesays.com\/dk\/wp-json\/wp\/v2\/types\/post"}],"author":[{"embeddable":true,"href":"https:\/\/www.europesays.com\/dk\/wp-json\/wp\/v2\/users\/2"}],"replies":[{"embeddable":true,"href":"https:\/\/www.europesays.com\/dk\/wp-json\/wp\/v2\/comments?post=157163"}],"version-history":[{"count":0,"href":"https:\/\/www.europesays.com\/dk\/wp-json\/wp\/v2\/posts\/157163\/revisions"}],"wp:featuredmedia":[{"embeddable":true,"href":"https:\/\/www.europesays.com\/dk\/wp-json\/wp\/v2\/media\/157164"}],"wp:attachment":[{"href":"https:\/\/www.europesays.com\/dk\/wp-json\/wp\/v2\/media?parent=157163"}],"wp:term":[{"taxonomy":"category","embeddable":true,"href":"https:\/\/www.europesays.com\/dk\/wp-json\/wp\/v2\/categories?post=157163"},{"taxonomy":"post_tag","embeddable":true,"href":"https:\/\/www.europesays.com\/dk\/wp-json\/wp\/v2\/tags?post=157163"}],"curies":[{"name":"wp","href":"https:\/\/api.w.org\/{rel}","templated":true}]}}