{"id":157738,"date":"2026-09-02T11:53:23","date_gmt":"2026-09-02T11:53:23","guid":{"rendered":"https:\/\/www.europesays.com\/dk\/157738\/"},"modified":"2026-09-02T11:53:23","modified_gmt":"2026-09-02T11:53:23","slug":"you-have-to-take-care-behind-the-painstaking-restoration-of-a-rare-early-art-nouveau-house-in-brussels-the-art-newspaper","status":"publish","type":"post","link":"https:\/\/www.europesays.com\/dk\/157738\/","title":{"rendered":"\u2018You have to take care\u2019: behind the painstaking restoration of a rare early Art Nouveau house in Brussels &#8211; The Art Newspaper"},"content":{"rendered":"<p class=\"pt-dp-p font-text-light font-light text-lg leading-normal tracking-wide mb-base last:mb-0\" itemprop=\"text\">In the heart of Brussels\u2019s leafy Saint-Gilles district, scaffolding surrounds the pale yellow mansion with ornate wooden doors that houses the Horta Museum. Expressive curves of wrought iron twist along the outlines of the windows and terraces.<\/p>\n<p class=\"pt-dp-p font-text-light font-light text-lg leading-normal tracking-wide mb-base last:mb-0\" itemprop=\"text\">Completed in 1901, the house was once the home and studio of the renowned Belgian architect Victor Horta, and is one of the rare surviving examples of early Art Nouveau architecture. In February, the Saint-Gilles municipality invested \u20ac800,000 in a renewal programme that will inject new life into his vision.<\/p>\n<p class=\"pt-dp-p font-text-light font-light text-lg leading-normal tracking-wide mb-base last:mb-0\" itemprop=\"text\">The house remains open to the public while the renovations continue, allowing visitors to glimpse the meticulous work required to preserve the early-20th-century masterpiece.<\/p>\n<p class=\"pt-dp-p font-text-light font-light text-lg leading-normal tracking-wide mb-base last:mb-0\" itemprop=\"text\">\u201cVictor Horta used his house as a personal manifesto, or calling card, to show what he was able to do,\u201d says Elisabeth Horth, the head of historical heritage at the museum, who is overseeing the restoration.<\/p>\n<p class=\"pt-dp-p font-text-light font-light text-lg leading-normal tracking-wide mb-base last:mb-0\" itemprop=\"text\">Horta had a distinctive style that combined early industrial elements, like iron and brickwork more typical of the era\u2019s railway stations, with organic floral shapes and elements of Congolese arts that had made their way into a Belgian colonial aesthetic.<\/p>\n<p><img alt=\"\" loading=\"lazy\" width=\"644\" height=\"965.6365688487585\" decoding=\"async\" data-nimg=\"1\" style=\"color:transparent;height:auto;width:100%;background-size:cover;background-position:50% 50%;background-repeat:no-repeat;background-image:url(&quot;data:image\/svg+xml;charset=utf-8,%3Csvg xmlns='http:\/\/www.w3.org\/2000\/svg' viewBox='0 0 644 965.6365688487585'%3E%3Cfilter id='b' color-interpolation-filters='sRGB'%3E%3CfeGaussianBlur stdDeviation='20'\/%3E%3CfeColorMatrix values='1 0 0 0 0 0 1 0 0 0 0 0 1 0 0 0 0 0 100 -1' result='s'\/%3E%3CfeFlood x='0' y='0' width='100%25' height='100%25'\/%3E%3CfeComposite operator='out' in='s'\/%3E%3CfeComposite in2='SourceGraphic'\/%3E%3CfeGaussianBlur stdDeviation='20'\/%3E%3C\/filter%3E%3Cimage width='100%25' height='100%25' x='0' y='0' preserveAspectRatio='none' style='filter: url(%23b);' href='data:image\/jpeg;base64,\/9j\/2wBDAAYEBQYFBAYGBQYHBwYIChAKCgkJChQODwwQFxQYGBcUFhYaHSUfGhsjHBYWICwgIyYnKSopGR8tMC0oMCUoKSj\/2wBDAQcHBwoIChMKChMoGhYaKCgoKCgoKCgoKCgoKCgoKCgoKCgoKCgoKCgoKCgoKCgoKCgoKCgoKCgoKCgoKCgoKCj\/wAARCAAeABQDASIAAhEBAxEB\/8QAGgAAAgIDAAAAAAAAAAAAAAAAAAYBBAIFB\/\/EACYQAAIBAwMDBAMAAAAAAAAAAAECAwAEBQYRExIhQSIjMWEHUXH\/xAAWAQEBAQAAAAAAAAAAAAAAAAAEAAX\/xAAbEQEBAAMAAwAAAAAAAAAAAAABAgADEQQhIv\/aAAwDAQACEQMRAD8Ai5wd3nNRXsBAEUUhCk\/Bpjx344lspoZHlih5D6X2rd3VlwxLPasYm5WBY+SarXh1RcxcEiyyRK3tEKAPrasmPHmute3Ne\/KqeTPoxZ1DjMXaZJ4LYz3AQAPIDsC3naisp9O5W0cLfB+Zxydz4NFV6wpAy17FkVx+1NeQwWlsk0YMkknoQHsD+zTFY5CMWlrEZU5AduneufawZnyuMJPpB3IqjcZFmaRE6llR+pX3+6bL1eYKgA7jVrq4K5lARt7Cef7RSdqzOLd5KJ1iZdoEU7n5I370UbZX24rVPwZ\/\/9k='\/%3E%3C\/svg%3E&quot;)\"  src=\"https:\/\/www.europesays.com\/dk\/wp-content\/uploads\/2026\/09\/4e4d0e887bf346dde8621394a0dc9549c9f2e95f-1772x2657.jpg\"\/><\/p>\n<p>Art Nouveau metalwork at Horta Museum \u00a9 Antoine Grenez<\/p>\n<p class=\"pt-dp-p font-text-light font-light text-lg leading-normal tracking-wide mb-base last:mb-0\" itemprop=\"text\">In his own home, Horta included his signature features, like decorative curvilinear motifs that meandered gracefully from the mosaic floors to silk wallpaper, and carved rare woods. The central four-storey staircase winds upwards like a conch shell towards a domed skylight, framed by wrought iron and mirrors to soften the natural light.<\/p>\n<p>Specialist sculpture restoration<\/p>\n<p class=\"pt-dp-p font-text-light font-light text-lg leading-normal tracking-wide mb-base last:mb-0\" itemprop=\"text\">Every part of the restoration requires a specialist: carpentry, glasswork and furniture restoration. On a recent afternoon, Delphine Mesmaeker, a sculpture and plaster conservator, sits high up on a scaffold under the eaves of the vaulted dining-room ceiling while removing grey paint from a bas-relief to reveal the buttery yellow paint layer below.<\/p>\n<p class=\"pt-dp-p font-text-light font-light text-lg leading-normal tracking-wide mb-base last:mb-0\" itemprop=\"text\">Mesmaeker, one of five sculpture restorers, is using a scalpel to restore one of the six arched reliefs by the sculptor Pieter Braecke in the dining room, some of which depict scenes from different stages of a woman\u2019s life: childhood, marriage, childbirth and old age. It took three months to remove the overpainting of three reliefs on one side of the dining wall, Mesmaeker says, and now she and a colleague are working on the other three. Using a minimal amount of natural solvent on the paint, she is chipping away the top paint layer with the scalpel, working millimetre by millimetre.<\/p>\n<p class=\"pt-dp-p font-text-light font-light text-lg leading-normal tracking-wide mb-base last:mb-0\" itemprop=\"text\">\u201cIt\u2019s like a rediscovery of the original bas-relief,\u201d Mesmaeker says. \u201cThe challenge is to really understand the composition of the different layers and then to remove the right layer without damaging the plaster.\u201d<\/p>\n<p class=\"pt-dp-p font-text-light font-light text-lg leading-normal tracking-wide mb-base last:mb-0\" itemprop=\"text\">This slow, painstaking work requires so much concentration that Mesmaeker and her colleagues take a month every two months to focus on something else, so as not to \u201cbecome crazy\u201d, Horth says. This phase of the work is expected to finish in November.<\/p>\n<p><img alt=\"\" loading=\"lazy\" width=\"644\" height=\"805\" decoding=\"async\" data-nimg=\"1\" style=\"color:transparent;height:auto;width:100%;background-size:cover;background-position:50% 50%;background-repeat:no-repeat;background-image:url(&quot;data:image\/svg+xml;charset=utf-8,%3Csvg xmlns='http:\/\/www.w3.org\/2000\/svg' viewBox='0 0 644 805'%3E%3Cfilter id='b' color-interpolation-filters='sRGB'%3E%3CfeGaussianBlur stdDeviation='20'\/%3E%3CfeColorMatrix values='1 0 0 0 0 0 1 0 0 0 0 0 1 0 0 0 0 0 100 -1' result='s'\/%3E%3CfeFlood x='0' y='0' width='100%25' height='100%25'\/%3E%3CfeComposite operator='out' in='s'\/%3E%3CfeComposite in2='SourceGraphic'\/%3E%3CfeGaussianBlur stdDeviation='20'\/%3E%3C\/filter%3E%3Cimage width='100%25' height='100%25' x='0' y='0' preserveAspectRatio='none' style='filter: url(%23b);' href='data:image\/jpeg;base64,\/9j\/2wBDAAYEBQYFBAYGBQYHBwYIChAKCgkJChQODwwQFxQYGBcUFhYaHSUfGhsjHBYWICwgIyYnKSopGR8tMC0oMCUoKSj\/2wBDAQcHBwoIChMKChMoGhYaKCgoKCgoKCgoKCgoKCgoKCgoKCgoKCgoKCgoKCgoKCgoKCgoKCgoKCgoKCgoKCgoKCj\/wAARCAAZABQDASIAAhEBAxEB\/8QAGwAAAgIDAQAAAAAAAAAAAAAAAAMEBQECBgf\/xAAnEAACAgEDAgUFAAAAAAAAAAABAgMEAAUREgYhEzEyM0EUNGFxgv\/EABcBAAMBAAAAAAAAAAAAAAAAAAACAwH\/xAAdEQACAgEFAAAAAAAAAAAAAAAAAQIDERITITFh\/9oADAMBAAIRAxEAPwD0bp\/qHVa4syzKheQ8+DA7bnzy0PXJqyWIbEHiyAc1IbiP13zn7F2rTdfHc8mG3ZSfjK\/UdMg1VoZ0sPGCmwGxG\/fJuQ+lDx1nfgZ\/pOJjdi+x+CfMYZBbTUrhY45A4A9X5ww3WXjTFrIvU57Jaw6RIyVwGUk+vtmKmrWLNSNjWVXSDmoBIG+\/lkmf2XxUP2384zr9IxsWOUPorLbrJK8SRsd91Vu2++Ga1PZGGMq0Y7muj\/\/Z'\/%3E%3C\/svg%3E&quot;)\"  src=\"https:\/\/www.europesays.com\/dk\/wp-content\/uploads\/2026\/09\/5ed6fb9480eacdae3da412d12734d3eaab36d51d-788x985.jpg\"\/><\/p>\n<p>The Horta Museum was once home to the Belgian architect Victor Horta Photo: Maxime Delvaux<\/p>\n<p class=\"pt-dp-p font-text-light font-light text-lg leading-normal tracking-wide mb-base last:mb-0\" itemprop=\"text\">Horta, who was born in Ghent, purchased two adjacent plots of land on the Rue Am\u00e9ricaine in Brussels in 1898, at the height of his career, for his maison-atelier. He designed everything inside, including furniture, the flower-shaped lamps, an indoor winter garden and a fully equipped bathroom with a flush toilet\u2014a rare household amenity for the time.<\/p>\n<p class=\"pt-dp-p font-text-light font-light text-lg leading-normal tracking-wide mb-base last:mb-0\" itemprop=\"text\">After Germany invaded Belgium during the First World War, Horta fled to London and then the US with his wife, Julia Carlsson, where he gave lectures on architecture and they both lectured on German war atrocities, according to Tom Packet, an art historian who runs the museum\u2019s archive. Horta abandoned his house, and when he returned four years later he sold it.<\/p>\n<p class=\"pt-dp-p font-text-light font-light text-lg leading-normal tracking-wide mb-base last:mb-0\" itemprop=\"text\">Although he was a celebrated figure of his era and his designs and aesthetic influence can be found all over Brussels, Horta\u2019s architectural style was out of fashion for decades, considered too elaborate, and his buildings were threatened with destruction.<\/p>\n<p class=\"pt-dp-p font-text-light font-light text-lg leading-normal tracking-wide mb-base last:mb-0\" itemprop=\"text\">In 1961, the municipality of Saint-Gilles purchased the house, which opened as a museum in 1969. More recently, there has been a reappraisal of the Art Nouveau style. Four of Horta\u2019s celebrated townhouses were designated as Unesco World Heritage Sites in 2000, and in 2023, Brussels hosted a year-long festival celebrating Art Nouveau, marking 130 years since Horta completed his first townhouse, H\u00f4tel Tassel. Another Horta townhouse, H\u00f4tel Solvay, was also salvaged and underwent a major fa\u00e7ade renovation from 2022 to 2024.<\/p>\n<p class=\"pt-dp-p font-text-light font-light text-lg leading-normal tracking-wide mb-base last:mb-0\" itemprop=\"text\">At the Horta Museum, Camille Meslay, a mosaic and fresco conservator, is sitting on the floor of the living room, listening to opera, while leaning over to clean the mortar between the tiny tiles. \u201cIt\u2019s a very old mosaic technique used by the ancient Romans,\u201d she says. \u201cIt uses Roman mortar, made of lime and sand. The tradition continued in Italy, and the craftsmen in the 19th-century here who made floors like this were from Italy.\u201d<\/p>\n<p class=\"pt-dp-p font-text-light font-light text-lg leading-normal tracking-wide mb-base last:mb-0\" itemprop=\"text\">A date for the full completion of the renovations has not yet been set. For Horth, however, even when that does happen the job of maintaining the mansion will continue. \u201cIt\u2019s like an old lady, so you have to take care,\u201d she says.<\/p>\n","protected":false},"excerpt":{"rendered":"In the heart of Brussels\u2019s leafy Saint-Gilles district, scaffolding surrounds the pale yellow mansion with ornate wooden doors&hellip;\n","protected":false},"author":2,"featured_media":157739,"comment_status":"","ping_status":"","sticky":false,"template":"","format":"standard","meta":{"footnotes":"","_share_on_mastodon":"0"},"categories":[104],"tags":[43182,211,210,44,3713,10004,40337],"class_list":["post-157738","post","type-post","status-publish","format-standard","has-post-thumbnail","category-brussels","tag-art-nouveau","tag-belgium","tag-brussels","tag-conservation","tag-museums","tag-museums-heritage","tag-restoration"],"share_on_mastodon":{"url":"https:\/\/pubeurope.com\/@dk\/117201312963982677","error":""},"_links":{"self":[{"href":"https:\/\/www.europesays.com\/dk\/wp-json\/wp\/v2\/posts\/157738","targetHints":{"allow":["GET"]}}],"collection":[{"href":"https:\/\/www.europesays.com\/dk\/wp-json\/wp\/v2\/posts"}],"about":[{"href":"https:\/\/www.europesays.com\/dk\/wp-json\/wp\/v2\/types\/post"}],"author":[{"embeddable":true,"href":"https:\/\/www.europesays.com\/dk\/wp-json\/wp\/v2\/users\/2"}],"replies":[{"embeddable":true,"href":"https:\/\/www.europesays.com\/dk\/wp-json\/wp\/v2\/comments?post=157738"}],"version-history":[{"count":0,"href":"https:\/\/www.europesays.com\/dk\/wp-json\/wp\/v2\/posts\/157738\/revisions"}],"wp:featuredmedia":[{"embeddable":true,"href":"https:\/\/www.europesays.com\/dk\/wp-json\/wp\/v2\/media\/157739"}],"wp:attachment":[{"href":"https:\/\/www.europesays.com\/dk\/wp-json\/wp\/v2\/media?parent=157738"}],"wp:term":[{"taxonomy":"category","embeddable":true,"href":"https:\/\/www.europesays.com\/dk\/wp-json\/wp\/v2\/categories?post=157738"},{"taxonomy":"post_tag","embeddable":true,"href":"https:\/\/www.europesays.com\/dk\/wp-json\/wp\/v2\/tags?post=157738"}],"curies":[{"name":"wp","href":"https:\/\/api.w.org\/{rel}","templated":true}]}}