{"id":158658,"date":"2026-09-03T16:30:24","date_gmt":"2026-09-03T16:30:24","guid":{"rendered":"https:\/\/www.europesays.com\/dk\/158658\/"},"modified":"2026-09-03T16:30:24","modified_gmt":"2026-09-03T16:30:24","slug":"former-pm-davutoglu-investigated-for-insulting-erdogan-in-2021-remarks","status":"publish","type":"post","link":"https:\/\/www.europesays.com\/dk\/158658\/","title":{"rendered":"Former PM Davuto\u011flu investigated for \u2018insulting Erdo\u011fan\u2019 in 2021 remarks"},"content":{"rendered":"<p>            <a href=\"https:\/\/stockholmcf.org\/wp-content\/uploads\/2025\/06\/Ahmet-DAVUTOGLU.webp\" data-caption=\"\" rel=\"nofollow noopener\" target=\"_blank\"><img loading=\"lazy\" decoding=\"async\" width=\"696\" height=\"392\" class=\"entry-thumb td-modal-image\" src=\"https:\/\/www.europesays.com\/dk\/wp-content\/uploads\/2026\/09\/Ahmet-DAVUTOGLU-696x392.webp\"   alt=\"\" title=\"Ahmet DAVUTOGLU\"\/><\/a><\/p>\n<p class=\"wp-block-paragraph\">Turkish prosecutors have launched an investigation into former prime minister Ahmet Davuto\u011flu on suspicion of insulting President Recep Tayyip Erdo\u011fan in remarks that recently resurfaced on social media.<\/p>\n<p class=\"wp-block-paragraph\">The Ankara Chief Public Prosecutor\u2019s Office said Thursday it had opened an\u00a0investigation\u00a0after examining social media posts containing statements it considered potentially insulting to the president.<\/p>\n<p class=\"wp-block-paragraph\">Davuto\u011flu, 67, is being investigated under Article 299 of the Turkish Penal Code (TCK), which criminalizes insulting the president and carries a prison sentence of one to four years.<\/p>\n<p lang=\"tr\" dir=\"ltr\">\ud83d\udd34 Ahmet Davuto\u011flu (CB. Erdo\u011fan ve AK Parti h\u00fck\u00fcmeti hakk\u0131nda):<\/p>\n<p>Milyarlar\u0131na milyar katt\u0131lar, haram lokma yediler, \u00e7evrelerini zengin ettiler.<\/p>\n<p>Damad\u0131n\u0131 bakan yapt\u0131, akrabalar\u0131n\u0131 zengin etti, 5 m\u00fcteahhide T\u00fcrkiye&#8217;yi pe\u015fke\u015f \u00e7ekti. <a href=\"https:\/\/t.co\/XqaCDzA93U\" rel=\"nofollow\">pic.twitter.com\/XqaCDzA93U<\/a><\/p>\n<p>\u2014 S\u00f6z\u00fcn \u00d6z\u00fc (@sozozun) <a href=\"https:\/\/x.com\/sozozun\/status\/2095195817032237507?ref_src=twsrc%5Etfw\" rel=\"nofollow\">September 2, 2026<\/a><\/p>\n<p class=\"wp-block-paragraph\">The remarks circulating online date back several years. The T24 news website reported in April 2022 that Davuto\u011flu made them while speaking with residents during a visit to the eastern province of Bing\u00f6l and posted a video of the exchange on Facebook on September 11, 2021.<\/p>\n<p class=\"wp-block-paragraph\">The video recently resurfaced on social media amid renewed controversy over the wealth and business holdings of former prime minister Binali Y\u0131ld\u0131r\u0131m and his family.<\/p>\n<p class=\"wp-block-paragraph\">Journalist Timur Soykan said claims were circulating in Ankara that Y\u0131ld\u0131r\u0131m had assets worth about \u20ac480 million and had come under pressure to relinquish some companies and bring money held abroad back to Turkey.<\/p>\n<p class=\"wp-block-paragraph\">Y\u0131ld\u0131r\u0131m succeeded Davuto\u011flu as prime minister in 2016.<\/p>\n<p class=\"wp-block-paragraph\">\u201cIf I hadn\u2019t objected, I wouldn\u2019t have lost the prime minister\u2019s office. I would have sat there and added billions to my wealth like the prime minister who came after me, like the ministers who came after me,\u201d Davuto\u011flu said in the video.<\/p>\n<p class=\"wp-block-paragraph\">\u201cI told them, \u2018Don\u2019t take illicit money.\u2019 They did. They enriched those around them. He made his son-in-law a minister, enriched his relatives and handed Turkey over to five contractors,\u201d he added.<\/p>\n<p class=\"wp-block-paragraph\">Davuto\u011flu did not name Erdo\u011fan in the remarks, although his reference to making a son-in-law a minister was an apparent reference to Erdo\u011fan\u2019s appointment of Berat Albayrak, who is married to his daughter Esra, as energy minister in 2015 and later as finance minister.<\/p>\n<p class=\"wp-block-paragraph\">Davuto\u011flu\u2019s mention of \u201cfive contractors\u201d apparently referred to Cengiz Holding, Limak Holding, Kalyon Holding, Kolin Holding and Makyol, large construction groups that have secured major public infrastructure contracts during Erdo\u011fan\u2019s rule.<\/p>\n<p class=\"wp-block-paragraph\">Opposition politicians, particularly Kemal K\u0131l\u0131\u00e7daro\u011flu, who was\u00a0<a href=\"https:\/\/www.turkishminute.com\/2026\/05\/21\/turkish-court-suspends-chp-leadership-reinstates-former-chairman-kilicdaroglu\/\" rel=\"nofollow noopener\" target=\"_blank\">reinstated<\/a>\u00a0as chairman of the main opposition Republican People\u2019s Party (CHP) by a court ruling in May, have frequently referred to the companies as the \u201cgang of five,\u201d accusing the government of favoring them in lucrative public tenders and public-private partnership projects.<\/p>\n<p class=\"wp-block-paragraph\">The companies and the government have denied allegations of wrongdoing.<\/p>\n<p class=\"wp-block-paragraph\">Davuto\u011flu was one of the most influential figures in Erdo\u011fan\u2019s ruling Justice and Development Party (AKP) during its first decade in power.<\/p>\n<p class=\"wp-block-paragraph\">An academic by training, he served as Erdo\u011fan\u2019s chief foreign policy adviser before becoming foreign minister in 2009. He was closely associated with Turkey\u2019s \u201czero problems with neighbors\u201d foreign policy and his concept of \u201cstrategic depth.\u201d<\/p>\n<p class=\"wp-block-paragraph\">Davuto\u011flu became prime minister and AKP chairman in 2014 after Erdo\u011fan was elected president but resigned from both posts in May 2016 following growing disagreements with Erdo\u011fan over the management of the party and government.<\/p>\n<p class=\"wp-block-paragraph\">He left the AKP in 2019 before the party could expel him and founded the Future (Gelecek) Party later that year as a conservative alternative to Erdo\u011fan\u2019s increasingly centralized rule.<\/p>\n<p class=\"wp-block-paragraph\">The party struggled to establish a significant independent electoral base and performed poorly in the 2024 local elections.<\/p>\n<p class=\"wp-block-paragraph\">Davuto\u011flu\u00a0<a href=\"https:\/\/www.turkishminute.com\/2026\/07\/30\/former-turkish-pm-davutoglu-quits-party-politics-announces-closure-of-his-party\/\" rel=\"nofollow noopener\" target=\"_blank\">announced<\/a>\u00a0in July that he was withdrawing from party politics and ending the Future Party\u2019s political activities, saying Turkey\u2019s political system had reached an impasse marked by polarization, fragmentation and declining ethical standards.<\/p>\n<p class=\"wp-block-paragraph\">The Future Party subsequently voted at an extraordinary congress on August 22 to dissolve itself.<\/p>\n<p class=\"wp-block-paragraph\">Davuto\u011flu said at the time that his withdrawal was not a surrender but an effort to establish \u201ca moral distance\u201d from what he described as a contaminated political environment.<\/p>\n<p class=\"wp-block-paragraph\">Article 299 has long been used to prosecute journalists, politicians, artists and ordinary social media users over remarks deemed insulting to Erdo\u011fan.<\/p>\n<p class=\"wp-block-paragraph\">A report\u00a0<a href=\"https:\/\/www.turkishminute.com\/2026\/07\/01\/erdogan-top-complainant-in-turkey-insult-cases-where-journalists-dominate-defendants-report\/\" rel=\"nofollow noopener\" target=\"_blank\">found<\/a>\u00a0that cases involving alleged insults to Erdo\u011fan accounted for 43.3 percent of 120 hearings monitored by the Media and Law Studies Association between January 2025 and May 2026, with journalists making up nearly two-thirds of defendants in cases involving insults to the president or public officials.<\/p>\n<p class=\"wp-block-paragraph\">Human rights groups have long criticized Article 299, arguing that the provision is incompatible with freedom of expression and is used to punish criticism of Erdo\u011fan.<\/p>\n<p class=\"wp-block-paragraph\">This article is republished from\u00a0<a href=\"https:\/\/turkishminute.com\/\" rel=\"nofollow noopener\" target=\"_blank\">Turkish Minute<\/a>.<\/p>\n<p>        <script async src=\"https:\/\/platform.twitter.com\/widgets.js\" charset=\"utf-8\"><\/script><\/p>\n","protected":false},"excerpt":{"rendered":"Turkish prosecutors have launched an investigation into former prime minister Ahmet Davuto\u011flu on suspicion of insulting President Recep&hellip;\n","protected":false},"author":2,"featured_media":158659,"comment_status":"","ping_status":"","sticky":false,"template":"","format":"standard","meta":{"footnotes":"","_share_on_mastodon":"0"},"categories":[83],"tags":[74300,422,423,425,426,312,427,428,429,431,131,132,155],"class_list":["post-158658","post","type-post","status-publish","format-standard","has-post-thumbnail","category-stockholm","tag-ahmet-davutoglu","tag-ak-party","tag-akp","tag-democracy","tag-erdogan","tag-human-rights","tag-justice","tag-law","tag-oppression","tag-rule-of-law","tag-stockholm","tag-sweden","tag-turkey"],"share_on_mastodon":{"url":"https:\/\/pubeurope.com\/@dk\/117208064162274323","error":""},"_links":{"self":[{"href":"https:\/\/www.europesays.com\/dk\/wp-json\/wp\/v2\/posts\/158658","targetHints":{"allow":["GET"]}}],"collection":[{"href":"https:\/\/www.europesays.com\/dk\/wp-json\/wp\/v2\/posts"}],"about":[{"href":"https:\/\/www.europesays.com\/dk\/wp-json\/wp\/v2\/types\/post"}],"author":[{"embeddable":true,"href":"https:\/\/www.europesays.com\/dk\/wp-json\/wp\/v2\/users\/2"}],"replies":[{"embeddable":true,"href":"https:\/\/www.europesays.com\/dk\/wp-json\/wp\/v2\/comments?post=158658"}],"version-history":[{"count":0,"href":"https:\/\/www.europesays.com\/dk\/wp-json\/wp\/v2\/posts\/158658\/revisions"}],"wp:featuredmedia":[{"embeddable":true,"href":"https:\/\/www.europesays.com\/dk\/wp-json\/wp\/v2\/media\/158659"}],"wp:attachment":[{"href":"https:\/\/www.europesays.com\/dk\/wp-json\/wp\/v2\/media?parent=158658"}],"wp:term":[{"taxonomy":"category","embeddable":true,"href":"https:\/\/www.europesays.com\/dk\/wp-json\/wp\/v2\/categories?post=158658"},{"taxonomy":"post_tag","embeddable":true,"href":"https:\/\/www.europesays.com\/dk\/wp-json\/wp\/v2\/tags?post=158658"}],"curies":[{"name":"wp","href":"https:\/\/api.w.org\/{rel}","templated":true}]}}