{"id":158878,"date":"2026-09-03T20:30:14","date_gmt":"2026-09-03T20:30:14","guid":{"rendered":"https:\/\/www.europesays.com\/dk\/158878\/"},"modified":"2026-09-03T20:30:14","modified_gmt":"2026-09-03T20:30:14","slug":"air-canada-adds-basel-dubrovnik-guangzhou-oslo-and-shannon-in-huge-2027-expansion","status":"publish","type":"post","link":"https:\/\/www.europesays.com\/dk\/158878\/","title":{"rendered":"Air Canada Adds Basel, Dubrovnik, Guangzhou, Oslo And Shannon In Huge 2027 Expansion"},"content":{"rendered":"<p style=\"text-align: center;\"><img loading=\"lazy\" decoding=\"async\" class=\"alignnone size-full wp-image-192714\" src=\"https:\/\/www.europesays.com\/dk\/wp-content\/uploads\/2026\/09\/Air-Canada-A321XLR-Summer-2027-routes.jpeg\" alt=\"\" width=\"2200\" height=\"1464\"  \/>\n<\/p>\n<p>Air Canada has revealed its big summer 2027 international expansion, and after spending far too much time dissecting its wonderfully cryptic teaser video, I managed to get all five new destinations corrections.<\/p>\n<p>Earlier this week, Air Canada released a 46-second video packed with clues to five new destinations and invited us to figure them out before today\u2019s announcement.<\/p>\n<p>I dutifully played along, <a href=\"https:\/\/liveandletsfly.com\/air-canada-2027-route-predictions\/\" target=\"_blank\" rel=\"noopener nofollow\">studying everything from Norwegian license plates to Swiss water bottles, dragons, airport codes, and even what appeared to be a Japanese bullet train on a coffee cup<\/a>.<\/p>\n<p>My final five predictions were:<\/p>\n<p>Oslo (OSL)<br \/>\nBasel (BSL)<br \/>\nDubrovnik (DBV)<br \/>\nShannon (SNN)<br \/>\nGuangzhou (CAN), changed temporarily Guatemala City (GUA), then quickly back to Guangzhou (CAN) when it was pointed out that AC already flies to Guatemala City<\/p>\n<p>Air Canada\u2019s actual five new destinations?<\/p>\n<p>Guangzhou (CAN)<br \/>\nOslo (OSL)<br \/>\nShannon (SNN)<br \/>\nBasel (BSL)<br \/>\nDubrovnik (DBV)<\/p>\n<p>Five out of five\u2026and Guatemala City wasn\u2019t wrong too!<\/p>\n<p>Air Canada Adds Five New International Destinations And Seven New Routes<\/p>\n<p><a href=\"https:\/\/www.aircanada.com\/media\/ready-for-take-off-air-canada-expands-global-reach-with-new-routes-and-flights-to-asia-europe-and-latin-america\/\" target=\"_blank\" rel=\"noopener nofollow\">Air Canada announced<\/a> what it calls the most extensive intercontinental expansion in its history, adding five new international destinations and seven new routes for summer 2027.<\/p>\n<p>The headline additions are:<\/p>\n<p>Vancouver (YVR) \u2013 Guangzhou (CAN), year-round, 3x weekly, Boeing 787<br \/>\nToronto (YYZ) \u2013 Oslo (OSL), 4x weekly seasonal, Airbus A321XLR<br \/>\nToronto (YYZ) \u2013 Shannon (SNN), 3x weekly seasonal, Airbus A321XLR<br \/>\nToronto (YYZ) \u2013 Nice (NCE), 2x weekly seasonal, Airbus A330-300<br \/>\nMontr\u00e9al (YUL) \u2013 Basel (BSL), 4x weekly seasonal, Airbus A321XLR<br \/>\nMontr\u00e9al (YUL) \u2013 Dubrovnik (DBV), 3x weekly seasonal, Boeing 787<\/p>\n<p>Air Canada will also restore its Toronto-London Heathrow \u201cDaytripper\u201d flight. Meanwhile, Toronto-Shanghai will increase to daily service, Toronto-Guatemala City will become year-round after launching this December, and Montr\u00e9al-Tenerife, Montr\u00e9al-Lima, and Montr\u00e9al-Guatemala City will also be extended to year-round operation.<\/p>\n<p>So there is a lot here beyond the five mystery destinations.<\/p>\n<p>Another Chinese Gateway With Vancouver \u2013 Guangzhou On 787<\/p>\n<p>Air Canada will launch year-round Vancouver-Guangzhou service on May 4, 2027, operating three times weekly with a Boeing 787 Dreamliner. Guangzhou is the capital of Guangdong province and sits at the heart of the Pearl River Delta, one of the most important manufacturing and commercial regions in the world.<\/p>\n<p>Air Canada says it will become the only North American carrier serving Guangzhou and will operate up to 24 weekly flights between Canada and mainland China across Beijing, Shanghai, and Guangzhou.<\/p>\n<p>Considering how constrained North America-China capacity has remained in recent years, Air Canada is taking advantage.<\/p>\n<p>The schedule will be:<\/p>\n<p>Flight<br \/>\nRoute<br \/>\nDeparture<br \/>\nArrival<br \/>\nDays<\/p>\n<p>AC77<br \/>\nVancouver \u2013 Guangzhou<br \/>\n12:35 am<br \/>\n5:00 am +1<br \/>\nTuesday, Thursday, Sunday<\/p>\n<p>AC76<br \/>\nGuangzhou \u2013 Vancouver<br \/>\n9:45 am<br \/>\n6:30 am<br \/>\nMonday, Wednesday, Friday<\/p>\n<p>Service begins May 4, 2027 from Vancouver and May 5 from Guangzhou and will operate year-round.<\/p>\n<p>The A321XLR Is Already Opening New European Markets<\/p>\n<p>The other fascinating part of this announcement is how quickly the Airbus A321XLR is changing Air Canada\u2019s network.<\/p>\n<p>Three of the new routes will use it:<\/p>\n<p>Toronto \u2013 Oslo<br \/>\nToronto \u2013 Shannon<br \/>\nMontr\u00e9al \u2013 Basel<\/p>\n<p>These are markets where Air Canada can offer lie-flat Signature Class seats without committing a 787 or A330 to a relatively thin route.<\/p>\n<p>Oslo launches June 2, 2027, with four weekly flights. Shannon begins June 10 with three weekly flights, while Basel begins June 16 with four weekly flights.<\/p>\n<p>The Toronto \u2013 Oslo schedule will be:<\/p>\n<p>Flight<br \/>\nRoute<br \/>\nDeparture<br \/>\nArrival<br \/>\nDays<\/p>\n<p>AC940<br \/>\nToronto \u2013 Oslo<br \/>\n9:30 pm<br \/>\n11:15 am +1<br \/>\nMonday, Wednesday, Friday, Sunday<\/p>\n<p>AC941<br \/>\nOslo \u2013 Toronto<br \/>\n12:30 pm<br \/>\n2:40 pm<br \/>\nMonday, Tuesday, Thursday, Saturday<\/p>\n<p>Toronto \u2013 Oslo will operate from June 2 through October 10, 2027, with the return operating from June 3 through October 11.<\/p>\n<p>The Toronto \u2013 Shannon schedule will be:<\/p>\n<p>Flight<br \/>\nRoute<br \/>\nDeparture<br \/>\nArrival<br \/>\nDays<\/p>\n<p>AC968<br \/>\nToronto \u2013 Shannon<br \/>\n9:30 pm<br \/>\n9:05 am +1<br \/>\nTuesday, Thursday, Saturday<\/p>\n<p>AC969<br \/>\nShannon \u2013 Toronto<br \/>\n10:20 am<br \/>\n12:35 pm<br \/>\nWednesday, Friday, Sunday<\/p>\n<p>Toronto \u2013 Shannon will operate from June 10 through October 2, 2027, with the return operating from June 11 through October 3.<\/p>\n<p>The Montr\u00e9al \u2013 Basel schedule will be:<\/p>\n<p>Flight<br \/>\nRoute<br \/>\nDeparture<br \/>\nArrival<br \/>\nDays<\/p>\n<p>AC966<br \/>\nMontr\u00e9al \u2013 Basel<br \/>\n8:30 pm<br \/>\n10:10 am +1<br \/>\nMonday, Wednesday, Friday, Saturday<\/p>\n<p>AC967<br \/>\nBasel \u2013 Montr\u00e9al<br \/>\n12:15 pm<br \/>\n2:40 pm<br \/>\nTuesday, Thursday, Saturday, Sunday<\/p>\n<p>Montr\u00e9al \u2013 Basel will operate from June 16 through October 23, 2027, with the return operating from June 17 through October 24.<\/p>\n<p>I was particularly pleased to see Basel. As I mentioned in my predictions, Basel is one of the largest unserved European airports I regularly find myself wishing had more North American service. Air Canada already serves Z\u00fcrich and Geneva, and adding Basel gives it nonstop service to all three major Swiss gateways.<\/p>\n<p>I\u2019m also amused that after United passed on Scandinavia yet again, Air Canada will now launch Toronto-Oslo and become the only North American airline flying nonstop to Norway. I hope the flight does well and we will eventually see joint venture partner United add service to all three Scandinavian cpaitals.<\/p>\n<p>Dubrovnik Gets A 787, Shannon Was Hidden In Plain Sight<\/p>\n<p>I was less certain whether the dragon clue pointed toward Ljubljana or Dubrovnik, but ultimately chose Dubrovnik because of the Game of Thrones connection and the Croatian checkerboard imagery.<\/p>\n<p>That turned out to be correct.<\/p>\n<p>Air Canada will fly Montr\u00e9al-Dubrovnik three times weekly beginning May 11, 2027. And unlike Oslo, Shannon, and Basel, Dubrovnik will get a Boeing 787 Dreamliner rather than an A321XLR.<\/p>\n<p>The schedule will be:<\/p>\n<p>Flight<br \/>\nRoute<br \/>\nDeparture<br \/>\nArrival<br \/>\nDays<\/p>\n<p>AC950<br \/>\nMontr\u00e9al \u2013 Dubrovnik<br \/>\n6:15 pm<br \/>\n8:30 am +1<br \/>\nTuesday, Thursday, Saturday<\/p>\n<p>AC951<br \/>\nDubrovnik \u2013 Montr\u00e9al<br \/>\n10:45 am<br \/>\n1:45 pm<br \/>\nWednesday, Friday, Sunday<\/p>\n<p>Montr\u00e9al \u2013 Dubrovnik will operate from May 11 through October 23, 2027, with the return operating from May 12 through October 24.<\/p>\n<p>One of my favorite clues turned out to be exactly what we thought it was.<\/p>\n<p>A flight attendant named \u201cClare\u201d appeared in the teaser.<\/p>\n<p>Shannon Airport is in County Clare.<\/p>\n<p>Clever.<\/p>\n<p>Air Canada will operate Toronto-Shannon three times weekly from June 10 through early October using the A321XLR. It will be Air Canada\u2019s second destination in Ireland after Dublin and the only nonstop service between Canada and Shannon.<\/p>\n<p>And Nice Gets Another Air Canada Route<\/p>\n<p>Nice was not one of the five new destinations because Air Canada already serves Nice from Montr\u00e9al, but Toronto-Nice is nevertheless a new route.<\/p>\n<p>It will operate twice weekly on an Airbus A330-300 beginning June 16.<\/p>\n<p>The schedule will be:<\/p>\n<p>Flight<br \/>\nRoute<br \/>\nDeparture<br \/>\nArrival<br \/>\nDays<\/p>\n<p>AC964<br \/>\nToronto \u2013 Nice<br \/>\n7:30 pm<br \/>\n9:40 am +1<br \/>\nWednesday, Saturday<\/p>\n<p>AC965<br \/>\nNice \u2013 Toronto<br \/>\n11:10 am<br \/>\n2:30 pm<br \/>\nWednesday, Saturday<\/p>\n<p>Toronto \u2013 Nice will operate from June 16 through October 23, 2027.<\/p>\n<p>Combined with Montr\u00e9al-Nice, Air Canada says it will offer daily service to the French Riviera during the summer.<\/p>\n<p>No objection from me. Nice is one of those places where summer demand seems nearly limitless, even if <a href=\"https:\/\/liveandletsfly.com\/\" target=\"_blank\" rel=\"noopener nofollow\">I increasingly prefer Europe outside peak summer<\/a>.<\/p>\n<p>This Will Be A Huge Summer For Air Canada<\/p>\n<p>Air Canada says it will operate more than 125 international routes in summer 2027, offering as many as 169,000 seats per week from Canada to more than 85 international destinations across the Atlantic, Pacific, Mexico, Caribbean, Central America, and South America.<\/p>\n<p>That represents more than an 8% increase in available seat miles compared to summer 2026 and Air Canada is looking toward further expansion.<\/p>\n<p>Mark Galardo, Air Canada\u2019s Chief Commercial Officer, says additional aircraft are arriving shortly and specifically promised further network announcements along with details concerning the airline\u2019s first Boeing 787-10 operations.<\/p>\n<p>So perhaps the route guessing games are not over yet\u2026<\/p>\n<p>CONCLUSION<\/p>\n<p>Air Canada\u2019s cryptic teaser turned out to point toward Guangzhou, Oslo, Shannon, Basel, and Dubrovnik.<\/p>\n<p>I guessed all five correctly, but more importantly, this is an impressive expansion. The A321XLR is already allowing Air Canada to experiment with thinner European markets like Oslo, Shannon, and Basel, while widebody growth is enabling new flying to Guangzhou and Dubrovnik.<\/p>\n<p>image: Air Canada<\/p>\n<p>\t\t\t\t\t\t<img loading=\"lazy\" decoding=\"async\" width=\"610\" height=\"49\" src=\"https:\/\/www.europesays.com\/dk\/wp-content\/uploads\/2026\/09\/1788467414_736_liveandletsfly-logo-white-610x49.png\" class=\" et_bloom_image_no_animation et_bloom_image\" alt=\"\"  \/><\/p>\n<p>\t\t\t\t\t\tGet Daily Updates<\/p>\n<p>Join our mailing list for a daily summary of posts! We never sell your info.<\/p>\n<p>\t\t\t\t\tYou have Successfully Subscribed!<\/p>\n","protected":false},"excerpt":{"rendered":"Air Canada has revealed its big summer 2027 international expansion, and after spending far too much time dissecting&hellip;\n","protected":false},"author":2,"featured_media":158879,"comment_status":"","ping_status":"","sticky":false,"template":"","format":"standard","meta":{"footnotes":"","_share_on_mastodon":"0"},"categories":[85],"tags":[157,156],"class_list":["post-158878","post","type-post","status-publish","format-standard","has-post-thumbnail","category-oslo","tag-norway","tag-oslo"],"share_on_mastodon":{"url":"https:\/\/pubeurope.com\/@dk\/117209008052119184","error":""},"_links":{"self":[{"href":"https:\/\/www.europesays.com\/dk\/wp-json\/wp\/v2\/posts\/158878","targetHints":{"allow":["GET"]}}],"collection":[{"href":"https:\/\/www.europesays.com\/dk\/wp-json\/wp\/v2\/posts"}],"about":[{"href":"https:\/\/www.europesays.com\/dk\/wp-json\/wp\/v2\/types\/post"}],"author":[{"embeddable":true,"href":"https:\/\/www.europesays.com\/dk\/wp-json\/wp\/v2\/users\/2"}],"replies":[{"embeddable":true,"href":"https:\/\/www.europesays.com\/dk\/wp-json\/wp\/v2\/comments?post=158878"}],"version-history":[{"count":0,"href":"https:\/\/www.europesays.com\/dk\/wp-json\/wp\/v2\/posts\/158878\/revisions"}],"wp:featuredmedia":[{"embeddable":true,"href":"https:\/\/www.europesays.com\/dk\/wp-json\/wp\/v2\/media\/158879"}],"wp:attachment":[{"href":"https:\/\/www.europesays.com\/dk\/wp-json\/wp\/v2\/media?parent=158878"}],"wp:term":[{"taxonomy":"category","embeddable":true,"href":"https:\/\/www.europesays.com\/dk\/wp-json\/wp\/v2\/categories?post=158878"},{"taxonomy":"post_tag","embeddable":true,"href":"https:\/\/www.europesays.com\/dk\/wp-json\/wp\/v2\/tags?post=158878"}],"curies":[{"name":"wp","href":"https:\/\/api.w.org\/{rel}","templated":true}]}}