{"id":158886,"date":"2026-09-03T20:34:19","date_gmt":"2026-09-03T20:34:19","guid":{"rendered":"https:\/\/www.europesays.com\/dk\/158886\/"},"modified":"2026-09-03T20:34:19","modified_gmt":"2026-09-03T20:34:19","slug":"this-isnt-ireland-or-the-faroe-islands-this-is-gaspe-%f0%9f%87%a8%f0%9f%87%a6","status":"publish","type":"post","link":"https:\/\/www.europesays.com\/dk\/158886\/","title":{"rendered":"This Isn&#8217;t Ireland or the Faroe Islands&#8230; This Is Gasp\u00e9 \ud83c\udde8\ud83c\udde6"},"content":{"rendered":"<p>This isn&#8217;t Ireland, the Faroe Islands, or even Newfoundland&#8230; This is a peninsula in Quebec, Canada called Gasp\u00e9. Below, we are going to show you how to reach this stunning hidden gem;<\/p>\n<p>First, you&#8217;re going to take an around 10-hr train from Montreal to the Gasp\u00e9 Peninsula. Either stopping in Amqui (which we recommend for the better accommodation options) or Matap\u00e9dia which both sit on the south side of the Gasp\u00e9 Peninsula. <\/p>\n<p>You&#8217;re then going to<a href=\"https:\/\/orleansexpress.com\/en\/\" target=\"_blank\" class=\"hp__sc-g6h377-0 dfIBJy\" rel=\"nofollow noopener\"> book buses<\/a> out of Amqui or Matap\u00e9dia to properly explore the peninsula and all that it has to offer. We definitely recommend making your way to Gasp\u00e9 village at the opposite end of the peninsula and also checking out the nearby Perc\u00e9 Rock. <\/p>\n<p>Below, we&#8217;ve provided options for great-value hotels on the peninsula. Starting from $76 a night for a stay in the first stop of Amqui and $117 a night for a 4-star hotel stay in the iconic Gasp\u00e9 village.<\/p>\n","protected":false},"excerpt":{"rendered":"This isn&#8217;t Ireland, the Faroe Islands, or even Newfoundland&#8230; This is a peninsula in Quebec, Canada called Gasp\u00e9.&hellip;\n","protected":false},"author":2,"featured_media":158887,"comment_status":"","ping_status":"","sticky":false,"template":"","format":"standard","meta":{"footnotes":"","_share_on_mastodon":"0"},"categories":[4],"tags":[43],"class_list":["post-158886","post","type-post","status-publish","format-standard","has-post-thumbnail","category-faroe-islands","tag-faroe-islands"],"share_on_mastodon":{"url":"https:\/\/pubeurope.com\/@dk\/117209023586785006","error":""},"_links":{"self":[{"href":"https:\/\/www.europesays.com\/dk\/wp-json\/wp\/v2\/posts\/158886","targetHints":{"allow":["GET"]}}],"collection":[{"href":"https:\/\/www.europesays.com\/dk\/wp-json\/wp\/v2\/posts"}],"about":[{"href":"https:\/\/www.europesays.com\/dk\/wp-json\/wp\/v2\/types\/post"}],"author":[{"embeddable":true,"href":"https:\/\/www.europesays.com\/dk\/wp-json\/wp\/v2\/users\/2"}],"replies":[{"embeddable":true,"href":"https:\/\/www.europesays.com\/dk\/wp-json\/wp\/v2\/comments?post=158886"}],"version-history":[{"count":0,"href":"https:\/\/www.europesays.com\/dk\/wp-json\/wp\/v2\/posts\/158886\/revisions"}],"wp:featuredmedia":[{"embeddable":true,"href":"https:\/\/www.europesays.com\/dk\/wp-json\/wp\/v2\/media\/158887"}],"wp:attachment":[{"href":"https:\/\/www.europesays.com\/dk\/wp-json\/wp\/v2\/media?parent=158886"}],"wp:term":[{"taxonomy":"category","embeddable":true,"href":"https:\/\/www.europesays.com\/dk\/wp-json\/wp\/v2\/categories?post=158886"},{"taxonomy":"post_tag","embeddable":true,"href":"https:\/\/www.europesays.com\/dk\/wp-json\/wp\/v2\/tags?post=158886"}],"curies":[{"name":"wp","href":"https:\/\/api.w.org\/{rel}","templated":true}]}}