{"id":159894,"date":"2026-09-05T02:46:34","date_gmt":"2026-09-05T02:46:34","guid":{"rendered":"https:\/\/www.europesays.com\/dk\/159894\/"},"modified":"2026-09-05T02:46:34","modified_gmt":"2026-09-05T02:46:34","slug":"vilnius-unveils-600-square-metre-mural-in-zemaite-square","status":"publish","type":"post","link":"https:\/\/www.europesays.com\/dk\/159894\/","title":{"rendered":"Vilnius Unveils 600-Square-Metre Mural in \u017demait\u0117 Square"},"content":{"rendered":"<p>A new monumental mural titled \u201cBukant\u0117s mi\u0161kas\u201d (Bukant\u0117 Forest) has been unveiled in Vilnius, transforming the wall of a building on Gediminas Avenue into a 600-square-metre artistic forest. The work, created by artist Liuda Jaru\u0161evi\u010di\u016bt\u0117 Stankevi\u010dien\u0117, draws inspiration from the literary world of the renowned Lithuanian writer \u017demait\u0117.<\/p>\n<p>A Living Mural<\/p>\n<p>Located on the walls of the buildings at Gediminas Ave. 29 and 29A, the mural covers an area equivalent to one and a half basketball courts. The artist utilized a mixed technique of painting and graphics, applying small brushes to capture intricate details of the misty forest. The project, which began in September 2025, was completed in stages due to weather conditions.<\/p>\n<p>                                Integration with Nature<\/p>\n<p>The mural is designed to interact with its environment rather than exist as a static image. The artist incorporated the existing trees of \u017demait\u0117 Square into the composition, allowing their branches and shadows to overlap with the painted elements. As a result, the artwork changes with the seasons: summer foliage hides parts of the painting, while the changing light and leaf density in autumn and winter reveal different layers of the forest.<\/p>\n<p>Artistic Dialogue<\/p>\n<p>The composition also preserves a 2016 portrait of Frida Kahlo by set designer Paul\u0117 Bocullait\u0117. By integrating this existing work into the new forest scene, the artists created a dialogue between two iconic female figures, exploring themes of authentic female representation and social norms in art.<\/p>\n<p>                                Visitor Information<\/p>\n<p>\u201cBukant\u0117s mi\u0161kas\u201d is now a permanent feature of the renovated \u017demait\u0117 Square. To help visitors engage with the site, an information board detailing the life and work of the writer \u017demait\u0117, prepared in consultation with researcher Dr. \u017dydron\u0117 Kolevinskien\u0117, will be installed nearby.<\/p>\n<p>A formal opening event for the mural is planned for late September 2026 in \u017demait\u0117 Square. The Vilnius City Municipality will announce the exact date closer to the event, where visitors will have the opportunity to learn more about the history of the project and meet the artist.<\/p>\n<p>Frequently Asked Questions<\/p>\n<p>Where is the mural located?<\/p>\n<p>The mural is located on the building walls at Gediminas Ave. 29 and 29A, within \u017demait\u0117 Square in Vilnius.<\/p>\n<p>When is the official opening?<\/p>\n<p>The opening is scheduled for late September 2026. The exact date will be confirmed by the Vilnius City Municipality.<\/p>\n<p>                                Context &amp; actions<br \/>\n                                About this article<\/p>\n<p>                                Report<br \/>\n                                Share<\/p>\n<p>                    Source check<br \/>\n                    \u0160altinio kelias<\/p>\n<p>K\u016brinio vieta, mastelis, autoryst\u0117, \u012fgyvendinimo eiga ir planuojamas atidarymas perteikti pagal Vilniaus miesto savivaldyb\u0117s paskelbtus duomenis.<\/p>\n<p>Checks<\/p>\n<p>                                                            K\u016brinio plotas ir adresas sutikrinti su pirminiu prane\u0161imu.<br \/>\n                                                            Menininki\u0173 ir konsultavusios tyr\u0117jos vardai bei vaidmenys i\u0161laikyti pagal \u0161altin\u012f.<br \/>\n                                                            Atskirti 2025 metais prad\u0117ti darbai ir 2026 met\u0173 rugs\u0117jo pabaigai planuojamas atidarymas.<br \/>\n                                                            Pa\u017eym\u0117ta, kad tiksli atidarymo data dar nepaskelbta.<\/p>\n<p>SourceVilniaus miesto savivaldyb\u0117<\/p>\n<p>ScopeVilnius<\/p>\n<p>Updated2026-09-04 14:54<\/p>\n<p>        Report<\/p>\n<p>                        Article contextPeople &amp; topics3#3Liuda Jaru\u0161evi\u010di\u016bt\u0117 Stankevi\u010dien\u0117Paul\u0117 Bocullait\u0117\u017dydron\u0117 Kolevinskien\u0117<\/p>\n","protected":false},"excerpt":{"rendered":"A new monumental mural titled \u201cBukant\u0117s mi\u0161kas\u201d (Bukant\u0117 Forest) has been unveiled in Vilnius, transforming the wall of&hellip;\n","protected":false},"author":2,"featured_media":159895,"comment_status":"","ping_status":"","sticky":false,"template":"","format":"standard","meta":{"footnotes":"","_share_on_mastodon":"0"},"categories":[93],"tags":[74988,171,10996,170,74989],"class_list":["post-159894","post","type-post","status-publish","format-standard","has-post-thumbnail","category-vilnius","tag-gediminas-avenue","tag-lithuania","tag-public-art","tag-vilnius","tag-zemaite"],"share_on_mastodon":{"url":"https:\/\/pubeurope.com\/@dk\/117216148384160787","error":""},"_links":{"self":[{"href":"https:\/\/www.europesays.com\/dk\/wp-json\/wp\/v2\/posts\/159894","targetHints":{"allow":["GET"]}}],"collection":[{"href":"https:\/\/www.europesays.com\/dk\/wp-json\/wp\/v2\/posts"}],"about":[{"href":"https:\/\/www.europesays.com\/dk\/wp-json\/wp\/v2\/types\/post"}],"author":[{"embeddable":true,"href":"https:\/\/www.europesays.com\/dk\/wp-json\/wp\/v2\/users\/2"}],"replies":[{"embeddable":true,"href":"https:\/\/www.europesays.com\/dk\/wp-json\/wp\/v2\/comments?post=159894"}],"version-history":[{"count":0,"href":"https:\/\/www.europesays.com\/dk\/wp-json\/wp\/v2\/posts\/159894\/revisions"}],"wp:featuredmedia":[{"embeddable":true,"href":"https:\/\/www.europesays.com\/dk\/wp-json\/wp\/v2\/media\/159895"}],"wp:attachment":[{"href":"https:\/\/www.europesays.com\/dk\/wp-json\/wp\/v2\/media?parent=159894"}],"wp:term":[{"taxonomy":"category","embeddable":true,"href":"https:\/\/www.europesays.com\/dk\/wp-json\/wp\/v2\/categories?post=159894"},{"taxonomy":"post_tag","embeddable":true,"href":"https:\/\/www.europesays.com\/dk\/wp-json\/wp\/v2\/tags?post=159894"}],"curies":[{"name":"wp","href":"https:\/\/api.w.org\/{rel}","templated":true}]}}