{"id":52584,"date":"2026-03-31T15:43:44","date_gmt":"2026-03-31T15:43:44","guid":{"rendered":"https:\/\/www.europesays.com\/dk\/52584\/"},"modified":"2026-03-31T15:43:44","modified_gmt":"2026-03-31T15:43:44","slug":"ignitis-group-has-completed-the-transaction-for-the-sale-of-49-of-its-shares-in-vilnius-chp","status":"publish","type":"post","link":"https:\/\/www.europesays.com\/dk\/52584\/","title":{"rendered":"Ignitis Group has completed the transaction for the sale of 49% of its shares in Vilnius CHP"},"content":{"rendered":"<p>    <img decoding=\"async\" src=\"https:\/\/www.europesays.com\/dk\/wp-content\/uploads\/2026\/02\/97aa8771a4fc799ba3e227d0f52cb363.jpeg\" alt=\"Ignitis grupe\" loading=\"eager\" height=\"145\" width=\"300\" class=\"yf-lglytj  loaded\"\/> Ignitis grupe      <\/p>\n<p class=\"yf-1fy9kyt\">AB \u201cIgnitis grup\u0117\u201c (hereinafter \u2013 the Group) informs that it has completed the transaction for the sale of 49% its shares in UAB Vilniaus kogeneracin\u0117 j\u0117gain\u0117 (hereinafter \u2013 Vilnius CHP). A 49% stake was acquired by Quaero European Infrastructure Fund III, an infrastructure fund managed by Quaero Capital SA (hereinafter \u2013 Quaero Capital).<\/p>\n<p class=\"yf-1fy9kyt\">The transaction was completed on 30 March 2026, after receiving the approval of the General Meeting of Shareholders of the Group to transfer the shares in Vilnius CHP on 25 March 2026 (<a href=\"https:\/\/www.globenewswire.com\/Tracker?data=vqVF4nmlVXyC5AClnG1V8-v-Em3_9W2RZ6UyyFk0AEyO89KoI3itjLYMqg_WtGBj_9FpHBM0p-9FuI5wxGKILPo3MevOKPkoN7UgLNzfuo5KIk6T5l7d9IGvIVireO6T\" rel=\"nofollow noopener\" target=\"_blank\" data-ylk=\"slk:link;elm:context_link;itc:0;sec:content-canvas\" data-yga=\"{&quot;yLinkElement&quot;:&quot;context_link&quot;,&quot;yModuleName&quot;:&quot;content-canvas&quot;,&quot;yLinkText&quot;:&quot;link&quot;}\" class=\"link \">link<\/a>), regulatory approvals from Lithuanian and Latvian authorities and implementing other closing conditions.<\/p>\n<p class=\"yf-1fy9kyt\">The Group announced about the share purchasing agreement on 25 February 2026 (<a href=\"https:\/\/www.globenewswire.com\/Tracker?data=vqVF4nmlVXyC5AClnG1V89J5OOL-cEctHACGy0jQlO4vffsdiAd9Nf9vxHzposfWojky8yJlkcn7Ae_qetwYJyIhEqKAaNmT2_TffQ0LTPN80Aj-D7YPowvI55Ps_da4\" rel=\"nofollow noopener\" target=\"_blank\" data-ylk=\"slk:link;elm:context_link;itc:0;sec:content-canvas\" data-yga=\"{&quot;yLinkElement&quot;:&quot;context_link&quot;,&quot;yModuleName&quot;:&quot;content-canvas&quot;,&quot;yLinkText&quot;:&quot;link&quot;}\" class=\"link \">link<\/a>). The information provided in this announcement does not affect the Group\u2019s Adjusted EBITDA and Investments guidance for 2026.<\/p>\n<p class=\"yf-1fy9kyt\">For additional information, please contact:<\/p>\n<p class=\"yf-1fy9kyt\">Communication<br \/>Valdas Lopeta<br \/>+370 621 77993<br \/><a href=\"https:\/\/www.globenewswire.com\/Tracker?data=76khLC2xw-Y-pCSsvHVxk4-FlC08-xiYQNytHmb1kiNpGxfv6a5__wu8Rlwnyo8poFdt7v0Jw7NmllTN5bT-kKzMmDLeFijlVaspZxuhP6r9fGmhTiLwWQnwgmy2PjYISV9I_nlefQdRWccAz57BCbZPaBlpBR5qzvh32Dme7ZbbvtSV_Fd2RbCCkmQ7ekylOoeTbsSw7L1VN9ncwNHxA_60wzpamynOyiFJF42t7emDfNGWoLgWkXeb8p29IWNYjRJ3kxwdowYsidQumnqvWgUeUbFRLmxCGR4jHJOhSI5_raKQvEgalnuFkW3ir-jFfWGBvNUF-FroMmzMeuc81ttnq2VjRFomCmLuTht_l9Sx0Ft-z6QuxQipo2Ikzra-AR0-P502gNlWuTEynOdzFI3wxt-7YpFDvq3t-kzaoa6Q89e2OsGgxTrLLFJnLeBo9jb5Ep9ZNL__rW70cKoRgmKy0_gHIo1bej3Betnkm1cdn5z0LpF1vYeKQYhj1SdPYJ4DVvkZ8_XWHAG6stjYt6VJnYPiNib4CV4y_Wqmb0U=\" rel=\"nofollow noopener\" target=\"_blank\" data-ylk=\"slk:valdas.lopeta@ignitis.lt;elm:context_link;itc:0;sec:content-canvas\" data-yga=\"{&quot;yLinkElement&quot;:&quot;context_link&quot;,&quot;yModuleName&quot;:&quot;content-canvas&quot;,&quot;yLinkText&quot;:&quot;valdas.lopeta@ignitis.lt&quot;}\" class=\"link \">valdas.lopeta@ignitis.lt<\/a><\/p>\n<p class=\"yf-1fy9kyt\">Investor Relations<br \/>Ain\u0117 Riffel-Grinkevi\u010dien\u0117<br \/>+370\u00a0643 14925<br \/><a href=\"https:\/\/www.globenewswire.com\/Tracker?data=F4qMMXs1gXzy_2zv4fLDpy8h4bYEbWwA_fVuJEWPB4JXfSSU7B0xCE6gdZjGYmzeFJjXkDxXpcaqBD_ohYFjUWJsJY8lSljFvqi1j9Ax-fR4qRV-KfJ8_mYhHHHbl9ZEH1hVs88p8x7h-6KsjO5r4I1GedncZ3ZzgKPlj8ZD4TJKVRJ8cdfayNu3Sf3GCwQRP41mWCBSuOoXpEU0_Cf-H1sU0lovuybZR0Wf4u77zwZSnEdqWM8v8w5MQn1iuacTXnddccrM0iDXs3DfivATcOCcUcq9iCAtD5BhHWRp1gX6ikQUJkURV6JAVTpIqvfvEGoUYV_MThdFUiRvrccET8S8ZQsYp81coWbplV-6AWwXBJ-TFNT-4Lv6Hv8N2VEPwj84t1W4pQpDTUEHk00wWrd8w2iRX_HaI0cNTcThE7_-lgQ4T68hMO_ZOgWZnFnIz4C5oCFF1YV6hsoXesnVB_CNIPOuZzre_AXfjCn6puWh-rO3rroIfIe22akLXH4BLeIPoaMObtR2GzF7NPKoTLAvXCnrisFxGHvwkJG91wKCtlJuu_xkeJrOr6KFpY1ZHr2AJiEb0yJbQgDMce3DQ8Nu9-51-jSMieBEVoWFCLpSJ94aJBpHSkrGri2yzhCl\" rel=\"nofollow noopener\" target=\"_blank\" data-ylk=\"slk:aine.riffel-grinkeviciene@ignitis.lt;elm:context_link;itc:0;sec:content-canvas\" data-yga=\"{&quot;yLinkElement&quot;:&quot;context_link&quot;,&quot;yModuleName&quot;:&quot;content-canvas&quot;,&quot;yLinkText&quot;:&quot;aine.riffel-grinkeviciene@ignitis.lt&quot;}\" class=\"link \">aine.riffel-grinkeviciene@ignitis.lt<\/a><\/p>\n","protected":false},"excerpt":{"rendered":"Ignitis grupe AB \u201cIgnitis grup\u0117\u201c (hereinafter \u2013 the Group) informs that it has completed the transaction for the&hellip;\n","protected":false},"author":2,"featured_media":23964,"comment_status":"","ping_status":"","sticky":false,"template":"","format":"standard","meta":{"footnotes":"","_share_on_mastodon":"0"},"categories":[93],"tags":[28893,171,15837,15838,28892,12986,170],"class_list":["post-52584","post","type-post","status-publish","format-standard","has-post-thumbnail","category-vilnius","tag-infrastructure-fund","tag-lithuania","tag-quaero-capital","tag-quaero-capital-sa","tag-shareholders-of-the-group","tag-the-group","tag-vilnius"],"share_on_mastodon":{"url":"https:\/\/pubeurope.com\/@dk\/116324558814253892","error":""},"_links":{"self":[{"href":"https:\/\/www.europesays.com\/dk\/wp-json\/wp\/v2\/posts\/52584","targetHints":{"allow":["GET"]}}],"collection":[{"href":"https:\/\/www.europesays.com\/dk\/wp-json\/wp\/v2\/posts"}],"about":[{"href":"https:\/\/www.europesays.com\/dk\/wp-json\/wp\/v2\/types\/post"}],"author":[{"embeddable":true,"href":"https:\/\/www.europesays.com\/dk\/wp-json\/wp\/v2\/users\/2"}],"replies":[{"embeddable":true,"href":"https:\/\/www.europesays.com\/dk\/wp-json\/wp\/v2\/comments?post=52584"}],"version-history":[{"count":0,"href":"https:\/\/www.europesays.com\/dk\/wp-json\/wp\/v2\/posts\/52584\/revisions"}],"wp:featuredmedia":[{"embeddable":true,"href":"https:\/\/www.europesays.com\/dk\/wp-json\/wp\/v2\/media\/23964"}],"wp:attachment":[{"href":"https:\/\/www.europesays.com\/dk\/wp-json\/wp\/v2\/media?parent=52584"}],"wp:term":[{"taxonomy":"category","embeddable":true,"href":"https:\/\/www.europesays.com\/dk\/wp-json\/wp\/v2\/categories?post=52584"},{"taxonomy":"post_tag","embeddable":true,"href":"https:\/\/www.europesays.com\/dk\/wp-json\/wp\/v2\/tags?post=52584"}],"curies":[{"name":"wp","href":"https:\/\/api.w.org\/{rel}","templated":true}]}}