{"id":100360,"date":"2026-02-04T05:47:08","date_gmt":"2026-02-04T05:47:08","guid":{"rendered":"https:\/\/www.europesays.com\/ee\/100360\/"},"modified":"2026-02-04T05:47:08","modified_gmt":"2026-02-04T05:47:08","slug":"kapten-mets-ja-st-pauli-said-karikas-tunamulluselt-voitjalt-valusa-kaotuse-soccernet-ee","status":"publish","type":"post","link":"https:\/\/www.europesays.com\/ee\/100360\/","title":{"rendered":"Kapten Mets ja St. Pauli said karikas tunamulluselt v\u00f5itjalt valusa kaotuse &#8211; Soccernet.ee"},"content":{"rendered":"<p><img decoding=\"async\" src=\"https:\/\/www.europesays.com\/ee\/wp-content\/uploads\/2026\/02\/1770153008.jpg\" alt=\"Karol Mets kandis St. Pauli eest kaptenipaela. Foto: Scanpix \/ Federico Gambarini \/ dpa via AP\"\/>&#13;\n<\/p>\n<p>Eesti koondise tugitala Karol Mets ja tema leivaisa St. Pauli pidid Saksamaa karikav\u00f5istluste veerandfinaalis tunnistama Bayeri Leverkuseni 3:0 paremust.\u00a0<\/p>\n<p>Kohtumise esimene v\u00f5imalus avanes n\u00fc\u00fcdseks seitse m\u00e4ngu j\u00e4rjest v\u00f5iduta olnud St. Paulil, ent seej\u00e4rel kinkis Hamburgi klubi puurivaht Ben Voll v\u00f5\u00f5rustajatele esimese v\u00f5imaluse, kui need tema s\u00f6\u00f6du vahelt l\u00f5ikasid. Palli vahelt l\u00f5iganud ameeriklane Malik Tillmann leidis s\u00f6\u00f6duga Patrik Schicki, kelle \u00fcrituse Mets kangelaslikult v\u00e4ravajoonelt blokeeris.\u00a0&#13;\n<\/p>\n<p>Vaatamata Metsa kangelastegudele pidi St. Pauli poolajapausile minema napis kaotusseisus, sest Martin Terrieri kaugl\u00f6\u00f6k karistusala joone tagant l\u00f5petas Volli kaitstavas v\u00f5rgus. Tunni m\u00f6\u00f6dudes vajutas Leverkusen aga gaasipedaali veidi enam p\u00f5hja ning nende teise tabamuse virutas v\u00f5rku Schick.\u00a0&#13;\n<\/p>\n<p>Kohtumise l\u00f5pu eel oli Leverkusen l\u00e4hedal ka kolmandale, ent Jonas Hofmanni kaugl\u00f6\u00f6k tabas v\u00e4ravaraami. Hofmann ei j\u00e4tnud aga jonni ning tema teine \u00fcritus oli m\u00e4rksa tulusam. Leverkusen p\u00e4\u00e4ses kiirr\u00fcnnakule ning Alejandro Grimaldo t\u00e4pse s\u00f6\u00f6du virutas ta sel korral v\u00f5rku.<\/p>\n<p>Seljav\u00f5idu toel edenes Leverkusen nelja parema sekka, St. Pauli saab n\u00fc\u00fcd enam t\u00e4helepanu suunata kodusele k\u00f5rgliigale, sest 20. m\u00e4nguvooru j\u00e4rel on nende seis \u00fcsna nadi. Hetkel paiknetakse 14 silmaga eelviimasel tabelireal ning esimesel v\u00e4ljalangemistsoonist p\u00e4\u00e4seval meeskonnal ehk Karl Jakob Heina koduklubil Bremeni Werderil on ette n\u00e4idata 19 punkti.\u00a0&#13;\n<\/p>\n<p>Tulemus:\u00a0&#13;\n<\/p>\n<p>Bayeri Leverkusen &#8211; St. Pauli 0:3 (1:0)<br \/>&#13;<br \/>\n31. Martin Terrier, 63. Patrik Schick, 90+2. Jonas Hofmann<\/p>\n","protected":false},"excerpt":{"rendered":"&#13; Eesti koondise tugitala Karol Mets ja tema leivaisa St. Pauli pidid Saksamaa karikav\u00f5istluste veerandfinaalis tunnistama Bayeri Leverkuseni&hellip;\n","protected":false},"author":2,"featured_media":100361,"comment_status":"","ping_status":"","sticky":false,"template":"","format":"standard","meta":{"footnotes":"","_share_on_mastodon":"0"},"categories":[18],"tags":[13436,48229,527,16304,37,33,35,34,36,529,1443,5040,1709,5176,159,158,1002],"class_list":["post-100360","post","type-post","status-publish","format-standard","has-post-thumbnail","category-sport","tag-bayer-leverkusen","tag-bayeri-leverkusen","tag-bundesliga","tag-dfb-pokal","tag-ee","tag-eesti","tag-eesti-keel","tag-estonia","tag-estonian","tag-hamburg","tag-karikavoistlused","tag-karol-mets","tag-leverkusen","tag-mets","tag-sport","tag-sports","tag-st-pauli"],"share_on_mastodon":{"url":"https:\/\/pubeurope.com\/@ee\/116010787989786329","error":""},"_links":{"self":[{"href":"https:\/\/www.europesays.com\/ee\/wp-json\/wp\/v2\/posts\/100360","targetHints":{"allow":["GET"]}}],"collection":[{"href":"https:\/\/www.europesays.com\/ee\/wp-json\/wp\/v2\/posts"}],"about":[{"href":"https:\/\/www.europesays.com\/ee\/wp-json\/wp\/v2\/types\/post"}],"author":[{"embeddable":true,"href":"https:\/\/www.europesays.com\/ee\/wp-json\/wp\/v2\/users\/2"}],"replies":[{"embeddable":true,"href":"https:\/\/www.europesays.com\/ee\/wp-json\/wp\/v2\/comments?post=100360"}],"version-history":[{"count":0,"href":"https:\/\/www.europesays.com\/ee\/wp-json\/wp\/v2\/posts\/100360\/revisions"}],"wp:featuredmedia":[{"embeddable":true,"href":"https:\/\/www.europesays.com\/ee\/wp-json\/wp\/v2\/media\/100361"}],"wp:attachment":[{"href":"https:\/\/www.europesays.com\/ee\/wp-json\/wp\/v2\/media?parent=100360"}],"wp:term":[{"taxonomy":"category","embeddable":true,"href":"https:\/\/www.europesays.com\/ee\/wp-json\/wp\/v2\/categories?post=100360"},{"taxonomy":"post_tag","embeddable":true,"href":"https:\/\/www.europesays.com\/ee\/wp-json\/wp\/v2\/tags?post=100360"}],"curies":[{"name":"wp","href":"https:\/\/api.w.org\/{rel}","templated":true}]}}