{"id":100388,"date":"2026-02-04T06:35:07","date_gmt":"2026-02-04T06:35:07","guid":{"rendered":"https:\/\/www.europesays.com\/ee\/100388\/"},"modified":"2026-02-04T06:35:07","modified_gmt":"2026-02-04T06:35:07","slug":"kurb-tode-%e2%9f%a9-rekordiline-kulm-voib-tuua-kuni-neli-korda-suurema-elektriarve","status":"publish","type":"post","link":"https:\/\/www.europesays.com\/ee\/100388\/","title":{"rendered":"KURB T\u00d5DE \u27e9 Rekordiline k\u00fclm v\u00f5ib tuua kuni neli korda suurema elektriarve"},"content":{"rendered":"<p class=\"MsoNormal\">M\u00f6\u00f6dunud talvel p\u00e4\u00e4stis ehmatusest veebruari soe ilm<\/p>\n<p class=\"MsoNormal\">V\u00e4ga sarnane olukord oli 2025. aasta veebruaris, mil Mandri-Euroopa elektris\u00fcsteemiga \u00fchinemine m\u00f5jutas hinda ning b\u00f6rsielekter maksis t\u00e4navuse jaanuariga sarnaselt 15 senti\/kWh. Tookord hoidis pehme talv soojuspumpade elektrikulu kuni 47 protsenti v\u00e4iksemana. V\u00f5rdluses fikseeritud elektripakettidega teenisid j\u00e4rgnenud kuude soodsad b\u00f6rsihinnad suurenenud kulu kiirelt tagasi.<\/p>\n<p class=\"MsoNormal\">Tarbijatel leidub t\u00e4iendavaid s\u00e4\u00e4stuv\u00f5imalusi<\/p>\n<p class=\"MsoNormal\">Rekordiliselt k\u00fclmade talvep\u00e4evade j\u00e4tkumisel on siiski mitmeid kokkuhoiukohti, millele koduomanikud v\u00f5iks t\u00e4helepanu p\u00f6\u00f6rata.<\/p>\n<p class=\"gmail-msolistparagraph\">\u00b7 Suure k\u00fclmaga v\u00e4hendada ruumide temperatuure. Nii v\u00f5ib s\u00e4\u00e4sta 5 kuni 10 protsenti iga alandatud kraadi kohta.<\/p>\n<p class=\"gmail-msolistparagraph\">\u00b7 Kui on olemas eraldi gaasikatel, pelletk\u00fcte v\u00f5i kamin, siis kasutada neid lisaks. N\u00e4iteks 200 m2 eramus s\u00e4\u00e4stis jaanuaris \u00f5hk-vesi soojuspumba ja gaasikatla hinnap\u00f5hine \u00fcmberl\u00fclitus \u00fcle 140 euro.<\/p>\n<p class=\"gmail-msolistparagraph\">\u00b7 Elektri b\u00f6rsipaketi korral ajasta suuremad tarbijad odaval ajal rohkem tarbima v\u00f5i automatiseeri nende juhtimine. Nii v\u00f5ib aasta l\u00f5ikes s\u00e4\u00e4sta enam kui viiendiku.<\/p>\n<p class=\"MsoNormal\">Tuleb arvestada, et pikas plaanis m\u00f5istlike k\u00fcttekulude saavutamisel on suurimaks abiks h\u00e4sti soojustatud maja ja t\u00e4nap\u00e4evane k\u00fcttes\u00fcsteem.<\/p>\n","protected":false},"excerpt":{"rendered":"M\u00f6\u00f6dunud talvel p\u00e4\u00e4stis ehmatusest veebruari soe ilm V\u00e4ga sarnane olukord oli 2025. aasta veebruaris, mil Mandri-Euroopa elektris\u00fcsteemiga \u00fchinemine&hellip;\n","protected":false},"author":2,"featured_media":100389,"comment_status":"","ping_status":"","sticky":false,"template":"","format":"standard","meta":{"footnotes":"","_share_on_mastodon":"0"},"categories":[5],"tags":[26,27,37,33,35,48250,48248,48245,34,36,31,32,21,48246,48243,28,29,48247,19,48249,25,48244,23,24,22,20,30],"class_list":["post-100388","post","type-post","status-publish","format-standard","has-post-thumbnail","category-uldised-uudised","tag-breaking-news","tag-breakingnews","tag-ee","tag-eesti","tag-eesti-keel","tag-elektriarve-mitmekordistumine","tag-elektripakett","tag-energiakulu-kasv","tag-estonia","tag-estonian","tag-featured-news","tag-featurednews","tag-headlines","tag-jaanuari-pakane","tag-kuttekulud","tag-latest-news","tag-latestnews","tag-maasoojuspump","tag-news","tag-nutikas-tarbimise-juhtimine","tag-populaarseimad-lood","tag-soojahind","tag-top-stories","tag-topstories","tag-uldised-uudised","tag-uudised","tag-viimased-uudised"],"share_on_mastodon":{"url":"https:\/\/pubeurope.com\/@ee\/116010976745548970","error":""},"_links":{"self":[{"href":"https:\/\/www.europesays.com\/ee\/wp-json\/wp\/v2\/posts\/100388","targetHints":{"allow":["GET"]}}],"collection":[{"href":"https:\/\/www.europesays.com\/ee\/wp-json\/wp\/v2\/posts"}],"about":[{"href":"https:\/\/www.europesays.com\/ee\/wp-json\/wp\/v2\/types\/post"}],"author":[{"embeddable":true,"href":"https:\/\/www.europesays.com\/ee\/wp-json\/wp\/v2\/users\/2"}],"replies":[{"embeddable":true,"href":"https:\/\/www.europesays.com\/ee\/wp-json\/wp\/v2\/comments?post=100388"}],"version-history":[{"count":0,"href":"https:\/\/www.europesays.com\/ee\/wp-json\/wp\/v2\/posts\/100388\/revisions"}],"wp:featuredmedia":[{"embeddable":true,"href":"https:\/\/www.europesays.com\/ee\/wp-json\/wp\/v2\/media\/100389"}],"wp:attachment":[{"href":"https:\/\/www.europesays.com\/ee\/wp-json\/wp\/v2\/media?parent=100388"}],"wp:term":[{"taxonomy":"category","embeddable":true,"href":"https:\/\/www.europesays.com\/ee\/wp-json\/wp\/v2\/categories?post=100388"},{"taxonomy":"post_tag","embeddable":true,"href":"https:\/\/www.europesays.com\/ee\/wp-json\/wp\/v2\/tags?post=100388"}],"curies":[{"name":"wp","href":"https:\/\/api.w.org\/{rel}","templated":true}]}}