{"id":100459,"date":"2026-02-04T08:11:08","date_gmt":"2026-02-04T08:11:08","guid":{"rendered":"https:\/\/www.europesays.com\/ee\/100459\/"},"modified":"2026-02-04T08:11:08","modified_gmt":"2026-02-04T08:11:08","slug":"kas-ka-sina-%e2%9f%a9-ligi-kolmandik-tootajatest-teeb-korvaltoid-lisaraha-teenimiseks","status":"publish","type":"post","link":"https:\/\/www.europesays.com\/ee\/100459\/","title":{"rendered":"KAS KA SINA? \u27e9 Ligi kolmandik t\u00f6\u00f6tajatest teeb k\u00f5rvalt\u00f6id lisaraha teenimiseks"},"content":{"rendered":"<p>Pidurdunud palgakasvu ja toimetulekusurve t\u00f5ttu otsib \u00fcha rohkem t\u00f6\u00f6tajaid v\u00f5imalusi teenida p\u00f5hit\u00f6\u00f6 k\u00f5rvalt lisaraha, n\u00e4itavad CVKeskus.ee ja Palgainfo Agentuuri korraldatud k\u00fcsitluse tulemused, milles osales enam kui 4500 inimest.<\/p>\n<p>T\u00f6\u00f6turuk\u00fcsitluse tulemused n\u00e4itavad, et 30 protsenti t\u00f6\u00f6tajatest on viimase 12 kuu jooksul teinud p\u00f5hit\u00f6\u00f6 k\u00f5rvalt muid t\u00f6id v\u00f5i osutanud teenuseid.<\/p>\n","protected":false},"excerpt":{"rendered":"Pidurdunud palgakasvu ja toimetulekusurve t\u00f5ttu otsib \u00fcha rohkem t\u00f6\u00f6tajaid v\u00f5imalusi teenida p\u00f5hit\u00f6\u00f6 k\u00f5rvalt lisaraha, n\u00e4itavad CVKeskus.ee ja Palgainfo&hellip;\n","protected":false},"author":2,"featured_media":88574,"comment_status":"","ping_status":"","sticky":false,"template":"","format":"standard","meta":{"footnotes":"","_share_on_mastodon":"0"},"categories":[14],"tags":[131,130,48284,37,33,35,48286,48291,48288,34,36,48289,48281,48290,48282,13586,48283,32531,48287,48285],"class_list":["post-100459","post","type-post","status-publish","format-standard","has-post-thumbnail","category-ari","tag-ari","tag-business","tag-cvkeskus-ee-kusitlus","tag-ee","tag-eesti","tag-eesti-keel","tag-eesti-tooturg","tag-ehitus-ja-remonditood","tag-erialased-korvaltegevused","tag-estonia","tag-estonian","tag-it-korvaltood","tag-korvaltoo","tag-kulleritoo","tag-lisaraha-teenimine","tag-palgainfo-agentuur","tag-palgakasvu-peatumine","tag-platvormitoo","tag-taiendav-sissetulek","tag-toimetulekusurve"],"share_on_mastodon":{"url":"https:\/\/pubeurope.com\/@ee\/116011354335276644","error":""},"_links":{"self":[{"href":"https:\/\/www.europesays.com\/ee\/wp-json\/wp\/v2\/posts\/100459","targetHints":{"allow":["GET"]}}],"collection":[{"href":"https:\/\/www.europesays.com\/ee\/wp-json\/wp\/v2\/posts"}],"about":[{"href":"https:\/\/www.europesays.com\/ee\/wp-json\/wp\/v2\/types\/post"}],"author":[{"embeddable":true,"href":"https:\/\/www.europesays.com\/ee\/wp-json\/wp\/v2\/users\/2"}],"replies":[{"embeddable":true,"href":"https:\/\/www.europesays.com\/ee\/wp-json\/wp\/v2\/comments?post=100459"}],"version-history":[{"count":0,"href":"https:\/\/www.europesays.com\/ee\/wp-json\/wp\/v2\/posts\/100459\/revisions"}],"wp:featuredmedia":[{"embeddable":true,"href":"https:\/\/www.europesays.com\/ee\/wp-json\/wp\/v2\/media\/88574"}],"wp:attachment":[{"href":"https:\/\/www.europesays.com\/ee\/wp-json\/wp\/v2\/media?parent=100459"}],"wp:term":[{"taxonomy":"category","embeddable":true,"href":"https:\/\/www.europesays.com\/ee\/wp-json\/wp\/v2\/categories?post=100459"},{"taxonomy":"post_tag","embeddable":true,"href":"https:\/\/www.europesays.com\/ee\/wp-json\/wp\/v2\/tags?post=100459"}],"curies":[{"name":"wp","href":"https:\/\/api.w.org\/{rel}","templated":true}]}}