{"id":100691,"date":"2026-02-04T13:07:09","date_gmt":"2026-02-04T13:07:09","guid":{"rendered":"https:\/\/www.europesays.com\/ee\/100691\/"},"modified":"2026-02-04T13:07:09","modified_gmt":"2026-02-04T13:07:09","slug":"eesti-suusataja-ootamatu-debuut-olumpiapilet-tuli-suure-ullatusena","status":"publish","type":"post","link":"https:\/\/www.europesays.com\/ee\/100691\/","title":{"rendered":"Eesti suusataja ootamatu deb\u00fc\u00fct: ol\u00fcmpiapilet tuli suure \u00fcllatusena"},"content":{"rendered":"<p class=\"MsoNormal\">Teiloora Ojaste pole laiemale spordi\u00fcldsusele eriti tuttav nimi, kuid 26-aastane murdmaasuusataja teeb sel n\u00e4dalal algavatel Milano Cortina talim\u00e4ngudel oma ol\u00fcmpiadeb\u00fc\u00fcdi. \u00d5petuss\u00f5nu sai K\u00f5rgema Kunstikooli Pallas m\u00f6\u00f6blidisaini eriala l\u00f5petanud suusataja enne suurt spordipidu isa Kaljult ja \u00f5de Triinult, kes kahepeale on osalenud viiel ol\u00fcmpial.<\/p>\n","protected":false},"excerpt":{"rendered":"Teiloora Ojaste pole laiemale spordi\u00fcldsusele eriti tuttav nimi, kuid 26-aastane murdmaasuusataja teeb sel n\u00e4dalal algavatel Milano Cortina talim\u00e4ngudel&hellip;\n","protected":false},"author":2,"featured_media":100692,"comment_status":"","ping_status":"","sticky":false,"template":"","format":"standard","meta":{"footnotes":"","_share_on_mastodon":"0"},"categories":[18],"tags":[37,33,35,34,36,4916,3044,1530,159,158,48418,38667,2740],"class_list":["post-100691","post","type-post","status-publish","format-standard","has-post-thumbnail","category-sport","tag-ee","tag-eesti","tag-eesti-keel","tag-estonia","tag-estonian","tag-milano-cortina","tag-murdmaasuusatamine","tag-olumpiamangud","tag-sport","tag-sports","tag-triin-ojaste","tag-val-di-fiemme","tag-veneetsia"],"share_on_mastodon":{"url":"https:\/\/pubeurope.com\/@ee\/116012518149905045","error":""},"_links":{"self":[{"href":"https:\/\/www.europesays.com\/ee\/wp-json\/wp\/v2\/posts\/100691","targetHints":{"allow":["GET"]}}],"collection":[{"href":"https:\/\/www.europesays.com\/ee\/wp-json\/wp\/v2\/posts"}],"about":[{"href":"https:\/\/www.europesays.com\/ee\/wp-json\/wp\/v2\/types\/post"}],"author":[{"embeddable":true,"href":"https:\/\/www.europesays.com\/ee\/wp-json\/wp\/v2\/users\/2"}],"replies":[{"embeddable":true,"href":"https:\/\/www.europesays.com\/ee\/wp-json\/wp\/v2\/comments?post=100691"}],"version-history":[{"count":0,"href":"https:\/\/www.europesays.com\/ee\/wp-json\/wp\/v2\/posts\/100691\/revisions"}],"wp:featuredmedia":[{"embeddable":true,"href":"https:\/\/www.europesays.com\/ee\/wp-json\/wp\/v2\/media\/100692"}],"wp:attachment":[{"href":"https:\/\/www.europesays.com\/ee\/wp-json\/wp\/v2\/media?parent=100691"}],"wp:term":[{"taxonomy":"category","embeddable":true,"href":"https:\/\/www.europesays.com\/ee\/wp-json\/wp\/v2\/categories?post=100691"},{"taxonomy":"post_tag","embeddable":true,"href":"https:\/\/www.europesays.com\/ee\/wp-json\/wp\/v2\/tags?post=100691"}],"curies":[{"name":"wp","href":"https:\/\/api.w.org\/{rel}","templated":true}]}}