{"id":100755,"date":"2026-02-04T14:03:21","date_gmt":"2026-02-04T14:03:21","guid":{"rendered":"https:\/\/www.europesays.com\/ee\/100755\/"},"modified":"2026-02-04T14:03:21","modified_gmt":"2026-02-04T14:03:21","slug":"big-shorti-michael-burry-sonul-ohustab-bitcoini-langus-ristturuga-seotud-tagasilooke-bitcoin-com-news","status":"publish","type":"post","link":"https:\/\/www.europesays.com\/ee\/100755\/","title":{"rendered":"Big Shorti Michael Burry s\u00f5nul ohustab Bitcoini langus ristturuga seotud tagasil\u00f6\u00f6ke &#8211; Bitcoin.com News"},"content":{"rendered":"<ol>\n<li><a href=\"https:\/\/news.google.com\/rss\/articles\/CBMiswFBVV95cUxOalZ0THppT2VzalJSWVBiNm5XY0pDZ2xQVnBBVGVyYTIwVThyVEVzNkNENzlPTmFCZW5HbVZpRGJJZGRZRXV3VnVpOUVXUWpEdm5LV1lXaEVaZVh4WUtGNHdBNF8wdGY1cHZtUjZMNHJyRUlKSEw0ZGRoaUhvMXNkSDBOUGVTREZYem1rNEZwTkZTTmVmVXVmNnA5QzluamU5SmFNa3dydVlnaXVIdk5qMVNUcw?oc=5\" target=\"_blank\" rel=\"nofollow noopener\">Big Shorti Michael Burry s\u00f5nul ohustab Bitcoini langus ristturuga seotud tagasil\u00f6\u00f6ke<\/a>&nbsp;&nbsp;Bitcoin.com News<\/li>\n<li><a href=\"https:\/\/news.google.com\/rss\/articles\/CBMikgFBVV95cUxOZG9UU3U4dWZ4UURiZU1lRTdiLWgyUnQyMy1ST1VTMnhqeGhGdkFyZlo4MkhzYzNHMW9FVmg3aFRKc0N0ak1udFdvWWJzTlN5MGtXV0dHQlFxQ0tFc2pXeXNEVkI0MXZCLV81eEtHcnpROVVHQjc0bjh5VnpuV2x5UWFiaUdXVFpoU3NpLTI0aTdmZw?oc=5\" target=\"_blank\" rel=\"nofollow noopener\">Geopoliitiline ebakindlus l\u00fckkas Bitcoini hinna langusesse<\/a>&nbsp;&nbsp;ERR<\/li>\n<li><a href=\"https:\/\/news.google.com\/rss\/articles\/CBMinAFBVV95cUxPX3VXVTNnaUpOUFM0eldvWjRTenlGZVpQZXNsVHlYaExmLV9vZktOVUp0VkZudXYzbHhDT3pqSEpTQndsb09HZkxYQ3lNanFSMzRaelRVRU1IVjRUSmxLbW9hdjF1Smxtd016SWlNUmtyVEMxMmJYMU1fUnk0Z0xlQ1N1anBsQ0VaZ2R0YWdsQjJTTDhaVmhrTTVUd1k?oc=5\" target=\"_blank\" rel=\"nofollow noopener\">Bitcoin ETF-id alustavad veebruari 562 miljoni dollari sissevooluga<\/a>&nbsp;&nbsp;Bitcoin.com News<\/li>\n<li><a href=\"https:\/\/news.google.com\/rss\/articles\/CBMiogFBVV95cUxORkF2OWFQMHNxRWdYTnZ4WjBIVmJoaXVSRUp3VEJLMEFySWQzdzhZMk1PZ29JXzRuem1qZVFhbEZHTnFPejRUOU9EZDlnc3VzdlRteFY3N2RpNndYeXhKd0VCRVJTX0RDenMxaDg4eVc5aTJfbDEtQ2NwRU4xNGV1YW5OZDByOEszc0d1eUZ6LThzOUdHdjh3MmJwbXJWVUJaZEE?oc=5\" target=\"_blank\" rel=\"nofollow noopener\">Kr\u00fcptoturu kokkuv\u00f5te: Bitcoin langeb 75 000 dollari suunas<\/a>&nbsp;&nbsp;Traders Union<\/li>\n<li><a href=\"https:\/\/news.google.com\/rss\/articles\/CBMiwgFBVV95cUxPaTZwLWFLc1AxeUFJWGdyaGlKOVN0Mkk0a2xHTUZMd3VrWWthMkVxajZLWXFMLUpESjhPWkJhUEk3dDZhMlVxWnNXUEE0NE8zdm9jMUVuXzE0bi02UVluTzJQZ3BLcS1EMFlmazRvNkNUSlA2cDUtcUlROUtseTJuR3cxaThPQW5EMVMwT255T1A1X2tiNC1IVmtIRnRPWC1FMmhFNXZ4S0ZYMmRSNi1RUU8wQU5jUnIyby14dEtncDN4UQ?oc=5\" target=\"_blank\" rel=\"nofollow noopener\">Deleveraging Katasroofi: 1,7 miljardit dollarit likvideeritud, kuna Bitcoin langeb 81,900 dollarile<\/a>&nbsp;&nbsp;Bitcoin.com News<\/li>\n<\/ol>\n","protected":false},"excerpt":{"rendered":"Big Shorti Michael Burry s\u00f5nul ohustab Bitcoini langus ristturuga seotud tagasil\u00f6\u00f6ke&nbsp;&nbsp;Bitcoin.com News Geopoliitiline ebakindlus l\u00fckkas Bitcoini hinna langusesse&nbsp;&nbsp;ERR&hellip;\n","protected":false},"author":2,"featured_media":100756,"comment_status":"","ping_status":"","sticky":false,"template":"","format":"standard","meta":{"footnotes":"","_share_on_mastodon":"0"},"categories":[14],"tags":[131,3001,7901,130,37,33,35,34,36,14916,14986,14987],"class_list":["post-100755","post","type-post","status-publish","format-standard","has-post-thumbnail","category-ari","tag-ari","tag-bitcoin-btc","tag-bitcoin-price","tag-business","tag-ee","tag-eesti","tag-eesti-keel","tag-estonia","tag-estonian","tag-gold","tag-precious-metals","tag-silver"],"share_on_mastodon":{"url":"https:\/\/pubeurope.com\/@ee\/116012738921961381","error":""},"_links":{"self":[{"href":"https:\/\/www.europesays.com\/ee\/wp-json\/wp\/v2\/posts\/100755","targetHints":{"allow":["GET"]}}],"collection":[{"href":"https:\/\/www.europesays.com\/ee\/wp-json\/wp\/v2\/posts"}],"about":[{"href":"https:\/\/www.europesays.com\/ee\/wp-json\/wp\/v2\/types\/post"}],"author":[{"embeddable":true,"href":"https:\/\/www.europesays.com\/ee\/wp-json\/wp\/v2\/users\/2"}],"replies":[{"embeddable":true,"href":"https:\/\/www.europesays.com\/ee\/wp-json\/wp\/v2\/comments?post=100755"}],"version-history":[{"count":0,"href":"https:\/\/www.europesays.com\/ee\/wp-json\/wp\/v2\/posts\/100755\/revisions"}],"wp:featuredmedia":[{"embeddable":true,"href":"https:\/\/www.europesays.com\/ee\/wp-json\/wp\/v2\/media\/100756"}],"wp:attachment":[{"href":"https:\/\/www.europesays.com\/ee\/wp-json\/wp\/v2\/media?parent=100755"}],"wp:term":[{"taxonomy":"category","embeddable":true,"href":"https:\/\/www.europesays.com\/ee\/wp-json\/wp\/v2\/categories?post=100755"},{"taxonomy":"post_tag","embeddable":true,"href":"https:\/\/www.europesays.com\/ee\/wp-json\/wp\/v2\/tags?post=100755"}],"curies":[{"name":"wp","href":"https:\/\/api.w.org\/{rel}","templated":true}]}}