{"id":100781,"date":"2026-02-04T14:27:28","date_gmt":"2026-02-04T14:27:28","guid":{"rendered":"https:\/\/www.europesays.com\/ee\/100781\/"},"modified":"2026-02-04T14:27:28","modified_gmt":"2026-02-04T14:27:28","slug":"tanavune-jaanuar-oli-viimase-25-aasta-uks-kulmemaid-ilmajaam-ee","status":"publish","type":"post","link":"https:\/\/www.europesays.com\/ee\/100781\/","title":{"rendered":"T\u00e4navune jaanuar oli viimase 25 aasta \u00fcks k\u00fclmemaid &#8211; Ilmajaam.ee"},"content":{"rendered":"<ol>\n<li><a href=\"https:\/\/news.google.com\/rss\/articles\/CBMikwFBVV95cUxQV01uVjJ2a1JBWkZUcEpKVmlFNWZvQmk3NGZlUFljYmtXdktxT3QtejYybnFLUnZMUDNoeHVVU3I4NEdESWRveTJCbUlBTDdwV05GTktGZFN5TVRibms2WkNxRzZOX0czZkJnemlJcGFXR3lBZ25NZjlSMUMyeXpRa2VRNjhUZXhEYnJDS2QybktMbWM?oc=5\" target=\"_blank\" rel=\"nofollow noopener\">T\u00e4navune jaanuar oli viimase 25 aasta \u00fcks k\u00fclmemaid<\/a>&nbsp;&nbsp;Ilmajaam.ee<\/li>\n<li><a href=\"https:\/\/news.google.com\/rss\/articles\/CBMicEFVX3lxTE42SHFSelRWODlmV3FrVzV0algwZnl4bUI2VUdVcXE0bGR5dERYc09JR3JBMGp0V2pNdkE3ZVFiOVFVRnR6REdKYzU3cS0xYVBRYmVrdkszVklsSjJWQWV2SldITnBOMTduOGNVMWxIZno?oc=5\" target=\"_blank\" rel=\"nofollow noopener\">K\u00fclmakraadid l\u00e4hip\u00e4evil taanduvad<\/a>&nbsp;&nbsp;ERR<\/li>\n<li><a href=\"https:\/\/news.google.com\/rss\/articles\/CBMilAFBVV95cUxNdWhRTUlEUVc4UHlXTVlyS0lld21CcXpvNUVhSmNxZGUzcVo2Tm1MZWd4WUExN25JWXFkVk41T2F3RGZfSU5SNGJsd1EyQTVKZEpwOVpPWkE0LUliRC1xRnJlZkV4UnZoUjJBOVYtOHdKMHpWWm9EZ1dvcmlXMmFhVmRCNWZIVDRzSUVaaFBnbWV1WFBL?oc=5\" target=\"_blank\" rel=\"nofollow noopener\">KUUPROGNOOS \u27e9 Veebruaris pole pakase taandumist oodata<\/a>&nbsp;&nbsp;Ilmajaam.ee<\/li>\n<li><a href=\"https:\/\/news.google.com\/rss\/articles\/CBMifEFVX3lxTFBTZjBleU0tdVdTVTJtcGJ1U196M3htZmpuQWdVU1ZDM1hLV0JNODN0VWp3SlZOX2ZubENCdzM4X0NYeFNmMkJhSzhSakdSek1IYS14VnhvNkc2Mjh2VmdOYlpHb2xDR0FJMTJZYW1SaVFPclRybG1IM3otX3U?oc=5\" target=\"_blank\" rel=\"nofollow noopener\">Eestile on antud k\u00fclma hoiatus \u2013 tuleb miinus 30<\/a>&nbsp;&nbsp;L\u00f5unaeestlane<\/li>\n<li><a href=\"https:\/\/news.google.com\/rss\/articles\/CBMie0FVX3lxTE5fMjhUanFZT2tfbFBFZHozeDJfTXVPLXF2YTQxVzNybkJ3YTJ3MVRnQjFfUTg4RWI1eUFKMVR5SlZTVzBaQkFlZlUyaVhjVWJzMEZLd054QnRMX01EZWlXanN2SlBVOVc2WHRsb0JheF9valVvY2ZtcnluYw?oc=5\" target=\"_blank\" rel=\"nofollow noopener\">L\u00e4inud \u00f6\u00f6 oli selle talve k\u00f5ige k\u00fclmem<\/a>&nbsp;&nbsp;L\u00e4\u00e4ne Elu<\/li>\n<\/ol>\n","protected":false},"excerpt":{"rendered":"T\u00e4navune jaanuar oli viimase 25 aasta \u00fcks k\u00fclmemaid&nbsp;&nbsp;Ilmajaam.ee K\u00fclmakraadid l\u00e4hip\u00e4evil taanduvad&nbsp;&nbsp;ERR KUUPROGNOOS \u27e9 Veebruaris pole pakase taandumist oodata&nbsp;&nbsp;Ilmajaam.ee&hellip;\n","protected":false},"author":2,"featured_media":100782,"comment_status":"","ping_status":"","sticky":false,"template":"","format":"standard","meta":{"footnotes":"","_share_on_mastodon":"0"},"categories":[12],"tags":[26,27,37,33,35,34,36,31,32,21,21472,28,29,19,18148,25,23,24,22,20,30],"class_list":["post-100781","post","type-post","status-publish","format-standard","has-post-thumbnail","category-eesti","tag-breaking-news","tag-breakingnews","tag-ee","tag-eesti","tag-eesti-keel","tag-estonia","tag-estonian","tag-featured-news","tag-featurednews","tag-headlines","tag-jaanuar","tag-latest-news","tag-latestnews","tag-news","tag-pakane","tag-populaarseimad-lood","tag-top-stories","tag-topstories","tag-uldised-uudised","tag-uudised","tag-viimased-uudised"],"share_on_mastodon":{"url":"https:\/\/pubeurope.com\/@ee\/116012832752216450","error":""},"_links":{"self":[{"href":"https:\/\/www.europesays.com\/ee\/wp-json\/wp\/v2\/posts\/100781","targetHints":{"allow":["GET"]}}],"collection":[{"href":"https:\/\/www.europesays.com\/ee\/wp-json\/wp\/v2\/posts"}],"about":[{"href":"https:\/\/www.europesays.com\/ee\/wp-json\/wp\/v2\/types\/post"}],"author":[{"embeddable":true,"href":"https:\/\/www.europesays.com\/ee\/wp-json\/wp\/v2\/users\/2"}],"replies":[{"embeddable":true,"href":"https:\/\/www.europesays.com\/ee\/wp-json\/wp\/v2\/comments?post=100781"}],"version-history":[{"count":0,"href":"https:\/\/www.europesays.com\/ee\/wp-json\/wp\/v2\/posts\/100781\/revisions"}],"wp:featuredmedia":[{"embeddable":true,"href":"https:\/\/www.europesays.com\/ee\/wp-json\/wp\/v2\/media\/100782"}],"wp:attachment":[{"href":"https:\/\/www.europesays.com\/ee\/wp-json\/wp\/v2\/media?parent=100781"}],"wp:term":[{"taxonomy":"category","embeddable":true,"href":"https:\/\/www.europesays.com\/ee\/wp-json\/wp\/v2\/categories?post=100781"},{"taxonomy":"post_tag","embeddable":true,"href":"https:\/\/www.europesays.com\/ee\/wp-json\/wp\/v2\/tags?post=100781"}],"curies":[{"name":"wp","href":"https:\/\/api.w.org\/{rel}","templated":true}]}}