{"id":100899,"date":"2026-02-04T16:50:18","date_gmt":"2026-02-04T16:50:18","guid":{"rendered":"https:\/\/www.europesays.com\/ee\/100899\/"},"modified":"2026-02-04T16:50:18","modified_gmt":"2026-02-04T16:50:18","slug":"laps-keeldus-igast-toidust-peale-viineripirukate-kuni-juhtus-uskumatu-poore","status":"publish","type":"post","link":"https:\/\/www.europesays.com\/ee\/100899\/","title":{"rendered":"Laps keeldus igast toidust peale viineripirukate, kuni juhtus uskumatu p\u00f6\u00f6re"},"content":{"rendered":"<p>Kui ema Jennifer (32) proovis pojale pakkuda midagi muud, puhkes laps nutma ja karjus. S\u00fcnnip\u00e4evapeod ja \u00fchised s\u00f6\u00f6maajad muutusid ko\u0161maariks, sest v\u00e4ike Greyson v\u00e4rises hirmust toidulaua ees. Olukord l\u00e4ks nii kriitiliseks, et vanemad kulutasid iga kuu sadu eurosid, et varuda k\u00fclmutatud viineripirukaid, kuna see oli ainus asi, mida poiss n\u00f5ustus s\u00f6\u00f6ma.<\/p>\n","protected":false},"excerpt":{"rendered":"Kui ema Jennifer (32) proovis pojale pakkuda midagi muud, puhkes laps nutma ja karjus. S\u00fcnnip\u00e4evapeod ja \u00fchised s\u00f6\u00f6maajad&hellip;\n","protected":false},"author":2,"featured_media":100900,"comment_status":"","ping_status":"","sticky":false,"template":"","format":"standard","meta":{"footnotes":"","_share_on_mastodon":"0"},"categories":[80],"tags":[2540,26,27,48543,37,33,35,34,36,31,32,48546,21,48544,28,29,48545,95,9221,19,25,38537,23,24,22,20,30,92,93,94],"class_list":["post-100899","post","type-post","status-publish","format-standard","has-post-thumbnail","category-maailm","tag-autism","tag-breaking-news","tag-breakingnews","tag-david-kilmurry","tag-ee","tag-eesti","tag-eesti-keel","tag-estonia","tag-estonian","tag-featured-news","tag-featurednews","tag-greyson","tag-headlines","tag-jennifer","tag-latest-news","tag-latestnews","tag-lehmapiimaallergia","tag-maailm","tag-new-york-post","tag-news","tag-populaarseimad-lood","tag-soomishaired","tag-top-stories","tag-topstories","tag-uldised-uudised","tag-uudised","tag-viimased-uudised","tag-world","tag-world-news","tag-worldnews"],"share_on_mastodon":{"url":"https:\/\/pubeurope.com\/@ee\/116013395055846397","error":""},"_links":{"self":[{"href":"https:\/\/www.europesays.com\/ee\/wp-json\/wp\/v2\/posts\/100899","targetHints":{"allow":["GET"]}}],"collection":[{"href":"https:\/\/www.europesays.com\/ee\/wp-json\/wp\/v2\/posts"}],"about":[{"href":"https:\/\/www.europesays.com\/ee\/wp-json\/wp\/v2\/types\/post"}],"author":[{"embeddable":true,"href":"https:\/\/www.europesays.com\/ee\/wp-json\/wp\/v2\/users\/2"}],"replies":[{"embeddable":true,"href":"https:\/\/www.europesays.com\/ee\/wp-json\/wp\/v2\/comments?post=100899"}],"version-history":[{"count":0,"href":"https:\/\/www.europesays.com\/ee\/wp-json\/wp\/v2\/posts\/100899\/revisions"}],"wp:featuredmedia":[{"embeddable":true,"href":"https:\/\/www.europesays.com\/ee\/wp-json\/wp\/v2\/media\/100900"}],"wp:attachment":[{"href":"https:\/\/www.europesays.com\/ee\/wp-json\/wp\/v2\/media?parent=100899"}],"wp:term":[{"taxonomy":"category","embeddable":true,"href":"https:\/\/www.europesays.com\/ee\/wp-json\/wp\/v2\/categories?post=100899"},{"taxonomy":"post_tag","embeddable":true,"href":"https:\/\/www.europesays.com\/ee\/wp-json\/wp\/v2\/tags?post=100899"}],"curies":[{"name":"wp","href":"https:\/\/api.w.org\/{rel}","templated":true}]}}