{"id":100922,"date":"2026-02-04T17:32:20","date_gmt":"2026-02-04T17:32:20","guid":{"rendered":"https:\/\/www.europesays.com\/ee\/100922\/"},"modified":"2026-02-04T17:32:20","modified_gmt":"2026-02-04T17:32:20","slug":"purjus-peaga-rooli-istunud-bundesliga-rundaja-sai-klubilt-kuuekohalise-trahvilipiku-ja-teadmata-aega-kuundiva-mangukeelu-soccernet-ee","status":"publish","type":"post","link":"https:\/\/www.europesays.com\/ee\/100922\/","title":{"rendered":"Purjus peaga rooli istunud Bundesliga r\u00fcndaja sai klubilt kuuekohalise trahvilipiku ja teadmata aega k\u00fc\u00fcndiva m\u00e4ngukeelu &#8211; Soccernet.ee"},"content":{"rendered":"<p><img decoding=\"async\" src=\"https:\/\/www.europesays.com\/ee\/wp-content\/uploads\/2026\/02\/1770212757.jpg\" alt=\"Jean-Luc Dompe. Foto: Scanpix \/ picture alliance \/ Beautiful Sports\"\/>&#13;\n<\/p>\n<p>St. Pauli linnarivaal HSV eemaldas v\u00f5istkonnast teadmata ajaks \u00e4\u00e4rer\u00fcndaja Jean-Luc Dompe, kes tabati roolist joobeseisundis. Lisaks m\u00e4\u00e4ras klubi mehele rekordsuurusega trahvi.<\/p>\n<p>Bundesligas v\u00f5istlev HSV on 29. jaanuarist peale tegutsenud ilma Prantsusmaa \u00e4\u00e4rer\u00fcndaja Jean-Luc Dompeta, kelle politsei oli m\u00f5ned p\u00e4evad varem tabanud autoroolist joobeseisundis. Klubi eemaldas t\u00e4navu 11 korral alustajaks olnud 30-aastase mehe klubi igasugustest tegemistest &#8211; nii treeningutelt kui m\u00e4ngudelt &#8211; ning m\u00e4\u00e4ras talle kuuekohalise trahvisumma. HSV toonitas, et tegemist on klubi ajaloo j\u00f5ulisima karistusega.&#13;\n<\/p>\n<p>Arvestades, et saidi Capology andmetel on Dompe kuupalk ligi 150 tuhat eurot, j\u00e4i ta rikkumise t\u00f5ttu minimaalselt ilma umbes \u00fche kuu tasust. Aastas teenib klubi \u00fche k\u00f5rgema palgaga kogenud prantslane ligi 1,9 miljonit eurot.&#13;\n<\/p>\n<p>Juhtunu j\u00e4rel on HSV pidanud mitu koosolekut, et klubis \u00fcle kolme aasta veetnud Dompe tulevikku selgust luua. V\u00e4rske otsuse kohaselt tohib ta treeningutele naasta, kuid m\u00e4ngup\u00e4eva koosseisu tal veel asja pole. Klubi lisas, et j\u00e4tkab mehe j\u00e4lgimist kullipilgul ning positiivsete arengute korral v\u00f5idakse arutada tema naasmist v\u00f5istlustandrile. Seni on Dompel vahele j\u00e4\u00e4nud kohtumine M\u00fcncheni Bayerniga ning j\u00e4rgmiseks kohtub HSV tabeli p\u00f5hjas oleva Heidenheimiga.<\/p>\n<p>&#8220;Olen teadlik, et lihtsalt vabandusest ei piisa. Olen eeskujuna totaalselt eba\u00f5nnestunud. Ma eksisin r\u00e4ngalt ja otseloomulikult aktsepteerin neid tagaj\u00e4rgi t\u00e4ielikult. Ma m\u00f5istan klubi, treenerite ja mind toetanud f\u00e4nnide pettumust. Mul on s\u00fcgavalt kahju. Vabandan ka meeskonna ees, et vedasin neid otsustaval perioodil alt,&#8221; vabandas Dompe, vahendab HSV.&#13;\n<\/p>\n<p>30-aastane Dompe liitus HSV-ga 2022. aasta suvel Waregemi Zultest veidi enam kui miljoni euro eest. Peamiselt vasakul \u00e4\u00e4rel tegutsev prantslane on Bundesligas saanud kirja 14 m\u00e4ngu ja kaks v\u00e4ravat, Saksamaa esiliigas k\u00fc\u00fcndis ta saldo 87 kohtumise juures 15 v\u00e4rava ja 32 v\u00e4ravas\u00f6\u00f6duni. HSV hoiab 19 kohtumise j\u00e4rel Bundesliga 13. tabelikohta.<\/p>\n","protected":false},"excerpt":{"rendered":"&#13; St. Pauli linnarivaal HSV eemaldas v\u00f5istkonnast teadmata ajaks \u00e4\u00e4rer\u00fcndaja Jean-Luc Dompe, kes tabati roolist joobeseisundis. Lisaks m\u00e4\u00e4ras&hellip;\n","protected":false},"author":2,"featured_media":100923,"comment_status":"","ping_status":"","sticky":false,"template":"","format":"standard","meta":{"footnotes":"","_share_on_mastodon":"0"},"categories":[18],"tags":[527,48561,37,33,35,34,36,529,534,48562,51,159,158],"class_list":["post-100922","post","type-post","status-publish","format-standard","has-post-thumbnail","category-sport","tag-bundesliga","tag-dompe","tag-ee","tag-eesti","tag-eesti-keel","tag-estonia","tag-estonian","tag-hamburg","tag-hsv","tag-jean-luc-dompe","tag-saksamaa","tag-sport","tag-sports"],"share_on_mastodon":{"url":"https:\/\/pubeurope.com\/@ee\/116013560228747591","error":""},"_links":{"self":[{"href":"https:\/\/www.europesays.com\/ee\/wp-json\/wp\/v2\/posts\/100922","targetHints":{"allow":["GET"]}}],"collection":[{"href":"https:\/\/www.europesays.com\/ee\/wp-json\/wp\/v2\/posts"}],"about":[{"href":"https:\/\/www.europesays.com\/ee\/wp-json\/wp\/v2\/types\/post"}],"author":[{"embeddable":true,"href":"https:\/\/www.europesays.com\/ee\/wp-json\/wp\/v2\/users\/2"}],"replies":[{"embeddable":true,"href":"https:\/\/www.europesays.com\/ee\/wp-json\/wp\/v2\/comments?post=100922"}],"version-history":[{"count":0,"href":"https:\/\/www.europesays.com\/ee\/wp-json\/wp\/v2\/posts\/100922\/revisions"}],"wp:featuredmedia":[{"embeddable":true,"href":"https:\/\/www.europesays.com\/ee\/wp-json\/wp\/v2\/media\/100923"}],"wp:attachment":[{"href":"https:\/\/www.europesays.com\/ee\/wp-json\/wp\/v2\/media?parent=100922"}],"wp:term":[{"taxonomy":"category","embeddable":true,"href":"https:\/\/www.europesays.com\/ee\/wp-json\/wp\/v2\/categories?post=100922"},{"taxonomy":"post_tag","embeddable":true,"href":"https:\/\/www.europesays.com\/ee\/wp-json\/wp\/v2\/tags?post=100922"}],"curies":[{"name":"wp","href":"https:\/\/api.w.org\/{rel}","templated":true}]}}