{"id":100987,"date":"2026-02-04T18:54:06","date_gmt":"2026-02-04T18:54:06","guid":{"rendered":"https:\/\/www.europesays.com\/ee\/100987\/"},"modified":"2026-02-04T18:54:06","modified_gmt":"2026-02-04T18:54:06","slug":"mul-ikkagi-oli-nii-halb-tuju-peale-seda-alika-milova-valentinipaeva-kohting-laks-apsaka-tottu-nassu","status":"publish","type":"post","link":"https:\/\/www.europesays.com\/ee\/100987\/","title":{"rendered":"\u201eMul ikkagi oli nii halb tuju peale seda!\u201c Alika Milova valentinip\u00e4eva kohting l\u00e4ks apsaka t\u00f5ttu n\u00e4ssu"},"content":{"rendered":"<p>Alika oli soovinud sel p\u00e4eval minna koos kallimaga Bridget Jonesi uut filmi vaatama. Ka l\u00f5unat soovis ta koos Rauliga s\u00fc\u00fca. \u201eK\u00f5ik oligi plaanip\u00e4raselt ja k\u00f5ik oli okei,\u201c r\u00e4\u00e4kis Alika. Seej\u00e4rel oli paar v\u00f5tnud sammud kinno ja lauljanna tuli oli hea olnud.<\/p>\n<p>Kinos aga tekis v\u00e4ike t\u00f5rge, kui piletisk\u00e4nner ei tahtnud Rauli telefonis olnud piletite QR-koode \u00e4ra lugeda. Masin ei lubanud paaril kinno siseneda. Raul otsustas minna asja uurima kinot\u00f6\u00f6tajalt ja p\u00e4ris, miks piletimasin ei t\u00f6\u00f6ta.<\/p>\n<p>Kinot\u00f6\u00f6taja heitis seej\u00e4rel pilgu piletitele. \u201eTeil on piletid eilse peale ostetud,\u201c teatas t\u00f6\u00f6taja paarile. Ilmsiks tulnud eksimus oli Alikale ja Raulile ootamatu. <\/p>\n<p>\u201eMul ikkagi oli nii halb tuju peale seda,\u201c kirjeldas Alika oma toonaseid emotsioone. Ta viskas nalja, et loodetavasti ei pahanda Raul, et nende eelmise aasta kohtingut raadioeetris meenutab. Saatejuht Alari Kivisaarel hakkas Raulist kahju, kuna noormees oli pingutanud, kuid apsakas rikkus toreda p\u00e4eva \u00e4ra.<\/p>\n<p>Alika ja Raul ei matnud ideed filmivaatamisest aga maha ja seadsid oma sammud teise kinno. Seal \u00f5nnestus neil viimastele vabadele kohtadele piletid skoorida. \u201eMe ikkagi saime minna. P\u00e4rast seda, kui me juba Solarises istusime ja ootasime filmi, siis oli naljakas juba. Ja praegu ka ma r\u00e4\u00e4gin sellest naljaga,\u201c meenutas Alika eelmise aasta toreda l\u00f5puga kohtingut. <\/p>\n<p>Kuidas see lugu Sind end tundma pani? Saada <a href=\"https:\/\/kroonika.delfi.ee\/artikkel\/120434049\/mul-ikkagi-oli-nii-halb-tuju-peale-seda-alika-milova-valentinipaeva-kohting-laks-apsaka-tottu-nassu\/kommentaarid\" class=\"article-body-bottom__comment article-body-bottom__comment--write button button--primary button--size-auto\" rel=\"nofollow noopener\" target=\"_blank\"> Kommenteeri <\/a><a href=\"https:\/\/kroonika.delfi.ee\/artikkel\/120434049\/mul-ikkagi-oli-nii-halb-tuju-peale-seda-alika-milova-valentinipaeva-kohting-laks-apsaka-tottu-nassu\/kommentaarid\" class=\"article-body-bottom__comment article-body-bottom__comment--read button button--size-auto\" rel=\"nofollow noopener\" target=\"_blank\"> Loe kommentaare (13)<\/a><\/p>\n","protected":false},"excerpt":{"rendered":"Alika oli soovinud sel p\u00e4eval minna koos kallimaga Bridget Jonesi uut filmi vaatama. Ka l\u00f5unat soovis ta koos&hellip;\n","protected":false},"author":2,"featured_media":100988,"comment_status":"","ping_status":"","sticky":false,"template":"","format":"standard","meta":{"footnotes":"","_share_on_mastodon":"0"},"categories":[91],"tags":[4763,240,37,33,35,173,34,36,241,140,12960],"class_list":["post-100987","post","type-post","status-publish","format-standard","has-post-thumbnail","category-kuulsused","tag-alika-milova","tag-celebrities","tag-ee","tag-eesti","tag-eesti-keel","tag-entertainment","tag-estonia","tag-estonian","tag-kuulsused","tag-meelelahutus","tag-raul-esko"],"share_on_mastodon":{"url":"https:\/\/pubeurope.com\/@ee\/116013882553884640","error":""},"_links":{"self":[{"href":"https:\/\/www.europesays.com\/ee\/wp-json\/wp\/v2\/posts\/100987","targetHints":{"allow":["GET"]}}],"collection":[{"href":"https:\/\/www.europesays.com\/ee\/wp-json\/wp\/v2\/posts"}],"about":[{"href":"https:\/\/www.europesays.com\/ee\/wp-json\/wp\/v2\/types\/post"}],"author":[{"embeddable":true,"href":"https:\/\/www.europesays.com\/ee\/wp-json\/wp\/v2\/users\/2"}],"replies":[{"embeddable":true,"href":"https:\/\/www.europesays.com\/ee\/wp-json\/wp\/v2\/comments?post=100987"}],"version-history":[{"count":0,"href":"https:\/\/www.europesays.com\/ee\/wp-json\/wp\/v2\/posts\/100987\/revisions"}],"wp:featuredmedia":[{"embeddable":true,"href":"https:\/\/www.europesays.com\/ee\/wp-json\/wp\/v2\/media\/100988"}],"wp:attachment":[{"href":"https:\/\/www.europesays.com\/ee\/wp-json\/wp\/v2\/media?parent=100987"}],"wp:term":[{"taxonomy":"category","embeddable":true,"href":"https:\/\/www.europesays.com\/ee\/wp-json\/wp\/v2\/categories?post=100987"},{"taxonomy":"post_tag","embeddable":true,"href":"https:\/\/www.europesays.com\/ee\/wp-json\/wp\/v2\/tags?post=100987"}],"curies":[{"name":"wp","href":"https:\/\/api.w.org\/{rel}","templated":true}]}}