{"id":101151,"date":"2026-02-05T01:49:09","date_gmt":"2026-02-05T01:49:09","guid":{"rendered":"https:\/\/www.europesays.com\/ee\/101151\/"},"modified":"2026-02-05T01:49:09","modified_gmt":"2026-02-05T01:49:09","slug":"ulevaade-%e2%9f%a9-merzi-partei-soovib-haiged-ja-osakoormusega-tootajad-toole-saada","status":"publish","type":"post","link":"https:\/\/www.europesays.com\/ee\/101151\/","title":{"rendered":"\u00dcLEVAADE \u27e9 Merzi partei soovib haiged ja osakoormusega t\u00f6\u00f6tajad t\u00f6\u00f6le saada"},"content":{"rendered":"<p>Jaanuari keskel r\u00e4\u00e4kis Merz: \u00abT\u00f6\u00f6- ja eraelu tasakaalu ning neljap\u00e4evase t\u00f6\u00f6n\u00e4dalaga ei ole v\u00f5imalik meie riigi heaolu s\u00e4ilitada.\u00bb Ka Davosis toimunud Maailma Majandusfoorumil n\u00e4is Merz taas s\u00fc\u00fcdistavat riigi majandusraskustes saksa rahva laiskust, v\u00e4ites, et \u00absakslased on harjunud t\u00f6\u00f6tama 200 tundi v\u00e4hem [aastas] kui nende \u0160veitsi kolleegid\u00bb.<\/p>\n<p>Merzi s\u00f5nadest hakkas kinni ka tema partei majandustiib keskklassi ja majandusliit (MIT), mis esitas 20.\u201321. veebruaril toimuvale parteikongressile ettepaneku kaotada \u00f5igus \u00abosalisele t\u00f6\u00f6ajaga elustiilile\u00bb.<\/p>\n<p>Saksamaal on nimelt igal t\u00f6\u00f6tajal \u00f5igus teha osalise t\u00f6\u00f6ajaga t\u00f6\u00f6d. Ettepaneku j\u00e4rgi peaks sellele \u00f5igusele kehtestatama kindlad kriteeriumid nagu laste kasvatamine, l\u00e4hedaste hooldamine v\u00f5i t\u00e4iend\u00f5pe. Saksa meedias on ettepanek tekitanud korralikku furoori, kuna seda n\u00e4hakse osalise t\u00f6\u00f6ajaga t\u00f6\u00f6tajaid halvustavana ning kuna enamik neist on naised.<\/p>\n","protected":false},"excerpt":{"rendered":"Jaanuari keskel r\u00e4\u00e4kis Merz: \u00abT\u00f6\u00f6- ja eraelu tasakaalu ning neljap\u00e4evase t\u00f6\u00f6n\u00e4dalaga ei ole v\u00f5imalik meie riigi heaolu s\u00e4ilitada.\u00bb&hellip;\n","protected":false},"author":2,"featured_media":101152,"comment_status":"","ping_status":"","sticky":false,"template":"","format":"standard","meta":{"footnotes":"","_share_on_mastodon":"0"},"categories":[80],"tags":[26,27,37,33,35,34,36,31,32,1142,20112,21,28,29,95,672,19,48620,25,51,31846,23,24,22,20,30,92,93,94],"class_list":["post-101151","post","type-post","status-publish","format-standard","has-post-thumbnail","category-maailm","tag-breaking-news","tag-breakingnews","tag-ee","tag-eesti","tag-eesti-keel","tag-estonia","tag-estonian","tag-featured-news","tag-featurednews","tag-friedrich-merz","tag-haigusleht","tag-headlines","tag-latest-news","tag-latestnews","tag-maailm","tag-majandus","tag-news","tag-osaline-tookoormus","tag-populaarseimad-lood","tag-saksamaa","tag-sotsiaaltoetused","tag-top-stories","tag-topstories","tag-uldised-uudised","tag-uudised","tag-viimased-uudised","tag-world","tag-world-news","tag-worldnews"],"share_on_mastodon":{"url":"https:\/\/pubeurope.com\/@ee\/116015514402179941","error":""},"_links":{"self":[{"href":"https:\/\/www.europesays.com\/ee\/wp-json\/wp\/v2\/posts\/101151","targetHints":{"allow":["GET"]}}],"collection":[{"href":"https:\/\/www.europesays.com\/ee\/wp-json\/wp\/v2\/posts"}],"about":[{"href":"https:\/\/www.europesays.com\/ee\/wp-json\/wp\/v2\/types\/post"}],"author":[{"embeddable":true,"href":"https:\/\/www.europesays.com\/ee\/wp-json\/wp\/v2\/users\/2"}],"replies":[{"embeddable":true,"href":"https:\/\/www.europesays.com\/ee\/wp-json\/wp\/v2\/comments?post=101151"}],"version-history":[{"count":0,"href":"https:\/\/www.europesays.com\/ee\/wp-json\/wp\/v2\/posts\/101151\/revisions"}],"wp:featuredmedia":[{"embeddable":true,"href":"https:\/\/www.europesays.com\/ee\/wp-json\/wp\/v2\/media\/101152"}],"wp:attachment":[{"href":"https:\/\/www.europesays.com\/ee\/wp-json\/wp\/v2\/media?parent=101151"}],"wp:term":[{"taxonomy":"category","embeddable":true,"href":"https:\/\/www.europesays.com\/ee\/wp-json\/wp\/v2\/categories?post=101151"},{"taxonomy":"post_tag","embeddable":true,"href":"https:\/\/www.europesays.com\/ee\/wp-json\/wp\/v2\/tags?post=101151"}],"curies":[{"name":"wp","href":"https:\/\/api.w.org\/{rel}","templated":true}]}}