{"id":101182,"date":"2026-02-05T04:09:29","date_gmt":"2026-02-05T04:09:29","guid":{"rendered":"https:\/\/www.europesays.com\/ee\/101182\/"},"modified":"2026-02-05T04:09:29","modified_gmt":"2026-02-05T04:09:29","slug":"mikk-saar-opens-up-about-a-turbulent-year","status":"publish","type":"post","link":"https:\/\/www.europesays.com\/ee\/101182\/","title":{"rendered":"Mikk Saar opens up about a turbulent year"},"content":{"rendered":"<p>\u201eIlmselt on see osa teraapiast, et hakatakse palju t\u00f6\u00f6d tegema,\u201c m\u00f5tiskleb <a rel=\"noopener nofollow\" target=\"_blank\" href=\"https:\/\/www.delfi.ee\/teema\/135\/mikk-saar\" tag-id=\"135\">Mikk Saar<\/a>, kui vaatab tagasi m\u00f6\u00f6dunud tormisele aastale.<\/p>\n<p>Samal ajal, kui meedia p\u00fc\u00fcdis tolmu \u00fcles keerutada tema <a rel=\"noopener nofollow\" target=\"_blank\" href=\"https:\/\/www.delfi.ee\/teema\/96857068\/lahkuminek-1\" data-rel-date-range=\"[]\">lahkumineku<\/a> uudiselt, uputas Mikk end projektidesse teles ja lavalaudadel. Kui mees kehastus n\u00e4osaates eksabikaasaks Tanja Mihhailovaks, olid vaatajad ja meediav\u00e4ljaanded uudishimust tagajalgel, varmad t\u00f5lgendusi looma. Olgugi et mingeid muid vihjeid etteastest v\u00e4lja lugeda ei maksnud, kui et kaks \u00fchist eluteed jaganud inimest v\u00f5ivad j\u00e4tkuvalt h\u00e4sti l\u00e4vida ka siis, kui romantiline pidepunkt kaob.<\/p>\n","protected":false},"excerpt":{"rendered":"\u201eIlmselt on see osa teraapiast, et hakatakse palju t\u00f6\u00f6d tegema,\u201c m\u00f5tiskleb Mikk Saar, kui vaatab tagasi m\u00f6\u00f6dunud tormisele&hellip;\n","protected":false},"author":2,"featured_media":101183,"comment_status":"","ping_status":"","sticky":false,"template":"","format":"standard","meta":{"footnotes":"","_share_on_mastodon":"0"},"categories":[16],"tags":[37,33,35,173,34,36,6229,140,4755],"class_list":["post-101182","post","type-post","status-publish","format-standard","has-post-thumbnail","category-meelelahutus","tag-ee","tag-eesti","tag-eesti-keel","tag-entertainment","tag-estonia","tag-estonian","tag-lahkuminek","tag-meelelahutus","tag-mikk-saar"],"share_on_mastodon":{"url":"https:\/\/pubeurope.com\/@ee\/116016064900067075","error":""},"_links":{"self":[{"href":"https:\/\/www.europesays.com\/ee\/wp-json\/wp\/v2\/posts\/101182","targetHints":{"allow":["GET"]}}],"collection":[{"href":"https:\/\/www.europesays.com\/ee\/wp-json\/wp\/v2\/posts"}],"about":[{"href":"https:\/\/www.europesays.com\/ee\/wp-json\/wp\/v2\/types\/post"}],"author":[{"embeddable":true,"href":"https:\/\/www.europesays.com\/ee\/wp-json\/wp\/v2\/users\/2"}],"replies":[{"embeddable":true,"href":"https:\/\/www.europesays.com\/ee\/wp-json\/wp\/v2\/comments?post=101182"}],"version-history":[{"count":0,"href":"https:\/\/www.europesays.com\/ee\/wp-json\/wp\/v2\/posts\/101182\/revisions"}],"wp:featuredmedia":[{"embeddable":true,"href":"https:\/\/www.europesays.com\/ee\/wp-json\/wp\/v2\/media\/101183"}],"wp:attachment":[{"href":"https:\/\/www.europesays.com\/ee\/wp-json\/wp\/v2\/media?parent=101182"}],"wp:term":[{"taxonomy":"category","embeddable":true,"href":"https:\/\/www.europesays.com\/ee\/wp-json\/wp\/v2\/categories?post=101182"},{"taxonomy":"post_tag","embeddable":true,"href":"https:\/\/www.europesays.com\/ee\/wp-json\/wp\/v2\/tags?post=101182"}],"curies":[{"name":"wp","href":"https:\/\/api.w.org\/{rel}","templated":true}]}}