{"id":101213,"date":"2026-02-05T05:49:11","date_gmt":"2026-02-05T05:49:11","guid":{"rendered":"https:\/\/www.europesays.com\/ee\/101213\/"},"modified":"2026-02-05T05:49:11","modified_gmt":"2026-02-05T05:49:11","slug":"karm-ohtupoolik-sotimaal-nii-larsen-kui-tamm-tunnistasid-vastase-paremust-soccernet-ee","status":"publish","type":"post","link":"https:\/\/www.europesays.com\/ee\/101213\/","title":{"rendered":"Karm \u00f5htupoolik \u0160otimaal: nii Larsen kui Tamm tunnistasid vastase paremust &#8211; Soccernet.ee"},"content":{"rendered":"<p><img decoding=\"async\" src=\"https:\/\/www.europesays.com\/ee\/wp-content\/uploads\/2026\/02\/1763506287.jpg\" alt=\"Michael Schj\u00f6nning-Larsen. Foto: Liisi Troska \/ jalgpall.ee\"\/>&#13;\n<\/p>\n<p>\u0160otimaa k\u00f5rgliigas m\u00e4ngivatel eestlastel on seljataga karm \u00f5htupoolik, kui nii Michael Schj\u00f6nning-Larseni kui Alex Matthias Tamme koduklubi kaotas.<\/p>\n<p>Larsen ja Kilmarnock s\u00f5itsid k\u00fclla 55-kordsele meistrile Glasgow&#8217; Rangersile, kellele alistuti l\u00f5puks 1:5. Elluj\u00e4\u00e4mise nimel v\u00f5itlev Kilmarnock j\u00e4i Dominic Thompsoni punase kaardi t\u00f5ttu v\u00e4hemusse juba neljandal minutil ning minut hiljem ka kaotusseisu. Vaatamata neile kahele faktorile suudeti suurele ja tugevale kodumeeskonnale \u00fclej\u00e4\u00e4nud poolaja vastu saada. Alles teisel kolmveerandtunnil sai Rangers p\u00fcssi t\u00f5eliselt paukuma. P\u00f5hirivistuses startinud paremkaitsja Larsen vahetati v\u00e4lja 67. minutil, mil 0:2 kaotati.&#13;\n<\/p>\n<p>Sloveenia meisterklubist Ljubljana Olimpijast laenul olev r\u00fcndaja Tamm j\u00e4lgis pingilt, kuidas tema praegune t\u00f6\u00f6andja Livingston kaotas 1:2 Falkirkile. Vastaste m\u00f5lemad v\u00e4ravad l\u00f6\u00f6di teisel poolajal. Kilmarnock ja Livingston on 12-liikmelise tabeli kaks viimast, olles vastavalt kogunud 17 ja 11 punkti. J\u00e4rgmises voorus ootab Kilmarnock enda juurde St. Mirrenit, seni vaid \u00fche m\u00e4ngu v\u00f5itnud Livingston k\u00fclastab teist Glasgow&#8217; hiidu, samuti 55-kordset t\u0161empionit Celticut.&#13;\n<\/p>\n<p>V\u00f5istlustules oli ka kolmas Eesti meeste koondislane, kui keskv\u00e4ljamees Rocco Robert Shein tegi kaasa Fredrikstadi 3:2 v\u00f5idetud treeningm\u00e4ngus tugevuselt kolmanda liiga satsi Jervi vastu. Mullu Norra k\u00f5rgliigas kaheksandana l\u00f5petanud Fredrikstad madistab laup\u00e4eval Elfsborgiga, kes oli eelmisel hooajal Rootsi \u00fcheksas sats.<\/p>\n","protected":false},"excerpt":{"rendered":"&#13; \u0160otimaa k\u00f5rgliigas m\u00e4ngivatel eestlastel on seljataga karm \u00f5htupoolik, kui nii Michael Schj\u00f6nning-Larseni kui Alex Matthias Tamme koduklubi&hellip;\n","protected":false},"author":2,"featured_media":101214,"comment_status":"","ping_status":"","sticky":false,"template":"","format":"standard","meta":{"footnotes":"","_share_on_mastodon":"0"},"categories":[18],"tags":[915,37,33,35,917,34,36,3090,33743,19356,39548,19357,3097,3098,159,158,761],"class_list":["post-101213","post","type-post","status-publish","format-standard","has-post-thumbnail","category-sport","tag-alex-matthias-tamm","tag-ee","tag-eesti","tag-eesti-keel","tag-eestlased-voorsil","tag-estonia","tag-estonian","tag-fredrikstad","tag-kilmarnock","tag-larsen","tag-livingston","tag-michael-schjonning-larse","tag-rocco-robert-shein","tag-shein","tag-sport","tag-sports","tag-tamm"],"share_on_mastodon":{"url":"https:\/\/pubeurope.com\/@ee\/116016458179946130","error":""},"_links":{"self":[{"href":"https:\/\/www.europesays.com\/ee\/wp-json\/wp\/v2\/posts\/101213","targetHints":{"allow":["GET"]}}],"collection":[{"href":"https:\/\/www.europesays.com\/ee\/wp-json\/wp\/v2\/posts"}],"about":[{"href":"https:\/\/www.europesays.com\/ee\/wp-json\/wp\/v2\/types\/post"}],"author":[{"embeddable":true,"href":"https:\/\/www.europesays.com\/ee\/wp-json\/wp\/v2\/users\/2"}],"replies":[{"embeddable":true,"href":"https:\/\/www.europesays.com\/ee\/wp-json\/wp\/v2\/comments?post=101213"}],"version-history":[{"count":0,"href":"https:\/\/www.europesays.com\/ee\/wp-json\/wp\/v2\/posts\/101213\/revisions"}],"wp:featuredmedia":[{"embeddable":true,"href":"https:\/\/www.europesays.com\/ee\/wp-json\/wp\/v2\/media\/101214"}],"wp:attachment":[{"href":"https:\/\/www.europesays.com\/ee\/wp-json\/wp\/v2\/media?parent=101213"}],"wp:term":[{"taxonomy":"category","embeddable":true,"href":"https:\/\/www.europesays.com\/ee\/wp-json\/wp\/v2\/categories?post=101213"},{"taxonomy":"post_tag","embeddable":true,"href":"https:\/\/www.europesays.com\/ee\/wp-json\/wp\/v2\/tags?post=101213"}],"curies":[{"name":"wp","href":"https:\/\/api.w.org\/{rel}","templated":true}]}}