{"id":101220,"date":"2026-02-05T06:02:07","date_gmt":"2026-02-05T06:02:07","guid":{"rendered":"https:\/\/www.europesays.com\/ee\/101220\/"},"modified":"2026-02-05T06:02:07","modified_gmt":"2026-02-05T06:02:07","slug":"ligi-neli-aastat-valgevene-vanglas-riialanna-laks-minskisse-iluoperatsioonile-ja-sattus-pantvangi","status":"publish","type":"post","link":"https:\/\/www.europesays.com\/ee\/101220\/","title":{"rendered":"Ligi neli aastat Valgevene vanglas. Riialanna l\u00e4ks Minskisse iluoperatsioonile ja sattus pantvangi"},"content":{"rendered":"<p>Aastal 2022 otsustas Alla raha kokku hoida ja \u00fchtlasi p\u00e4rast koroonapiiranguid ennast natuke <a rel=\"noopener nofollow\" target=\"_blank\" href=\"https:\/\/www.delfi.ee\/teema\/28576451\/valgevene\" tag-id=\"28576451\">Valgevenes<\/a> tuulutada. Kokkuv\u00f5ttes sattus ta aga Valgevene v\u00f5imude vahetusfondi, kuna seal sooviti v\u00e4ga <a rel=\"noopener nofollow\" target=\"_blank\" href=\"https:\/\/www.delfi.ee\/teema\/26016109\/lati\" tag-id=\"26016109\">L\u00e4tist<\/a> \u00fcht oma kodanikku k\u00e4tte saada.<\/p>\n<p>\u201eOlen juba l\u00f5petanud kell kuus hommikul \u00e4rkamise,\u201c \u00fctleb Alla. \u201eOlen kirjeldamatult \u00f5nnelik, kui teen silmad lahti n\u00e4iteks kell seitse ja saan aru, et ei pea \u00f5ue rivistusele minema.\u201c Neil, kes praegu vangis viibivad, on t\u00e4navu talvel k\u00fclmaks sobivate riiete puudumise t\u00f5ttu eriti raske.<\/p>\n<p>Oled juba tellija?Logi sisse<\/p>\n<p><a href=\"https:\/\/www.delfi.ee\/artikkel\/120433995\/ligi-neli-aastat-valgevene-vanglas-riialanna-laks-minskisse-iluoperatsioonile-ja-sattus-pantvangi\/kommentaarid\" class=\"article-body-bottom__comment article-body-bottom__comment--write button button--primary button--size-auto\" rel=\"nofollow noopener\" target=\"_blank\"> Kommenteeri <\/a><a href=\"https:\/\/www.delfi.ee\/artikkel\/120433995\/ligi-neli-aastat-valgevene-vanglas-riialanna-laks-minskisse-iluoperatsioonile-ja-sattus-pantvangi\/kommentaarid\" class=\"article-body-bottom__comment article-body-bottom__comment--read button button--size-auto\" rel=\"nofollow noopener\" target=\"_blank\"> Loe kommentaare (10)<\/a><\/p>\n","protected":false},"excerpt":{"rendered":"Aastal 2022 otsustas Alla raha kokku hoida ja \u00fchtlasi p\u00e4rast koroonapiiranguid ennast natuke Valgevenes tuulutada. Kokkuv\u00f5ttes sattus ta&hellip;\n","protected":false},"author":2,"featured_media":101221,"comment_status":"","ping_status":"","sticky":false,"template":"","format":"standard","meta":{"footnotes":"","_share_on_mastodon":"0"},"categories":[80],"tags":[26,27,37,33,35,34,36,31,32,21,2992,28,29,114,95,19,40438,25,23,24,22,20,2170,30,92,93,94],"class_list":["post-101220","post","type-post","status-publish","format-standard","has-post-thumbnail","category-maailm","tag-breaking-news","tag-breakingnews","tag-ee","tag-eesti","tag-eesti-keel","tag-estonia","tag-estonian","tag-featured-news","tag-featurednews","tag-headlines","tag-kgb","tag-latest-news","tag-latestnews","tag-lati","tag-maailm","tag-news","tag-poliitvang","tag-populaarseimad-lood","tag-top-stories","tag-topstories","tag-uldised-uudised","tag-uudised","tag-valgevene","tag-viimased-uudised","tag-world","tag-world-news","tag-worldnews"],"share_on_mastodon":{"url":"https:\/\/pubeurope.com\/@ee\/116016509250984382","error":""},"_links":{"self":[{"href":"https:\/\/www.europesays.com\/ee\/wp-json\/wp\/v2\/posts\/101220","targetHints":{"allow":["GET"]}}],"collection":[{"href":"https:\/\/www.europesays.com\/ee\/wp-json\/wp\/v2\/posts"}],"about":[{"href":"https:\/\/www.europesays.com\/ee\/wp-json\/wp\/v2\/types\/post"}],"author":[{"embeddable":true,"href":"https:\/\/www.europesays.com\/ee\/wp-json\/wp\/v2\/users\/2"}],"replies":[{"embeddable":true,"href":"https:\/\/www.europesays.com\/ee\/wp-json\/wp\/v2\/comments?post=101220"}],"version-history":[{"count":0,"href":"https:\/\/www.europesays.com\/ee\/wp-json\/wp\/v2\/posts\/101220\/revisions"}],"wp:featuredmedia":[{"embeddable":true,"href":"https:\/\/www.europesays.com\/ee\/wp-json\/wp\/v2\/media\/101221"}],"wp:attachment":[{"href":"https:\/\/www.europesays.com\/ee\/wp-json\/wp\/v2\/media?parent=101220"}],"wp:term":[{"taxonomy":"category","embeddable":true,"href":"https:\/\/www.europesays.com\/ee\/wp-json\/wp\/v2\/categories?post=101220"},{"taxonomy":"post_tag","embeddable":true,"href":"https:\/\/www.europesays.com\/ee\/wp-json\/wp\/v2\/tags?post=101220"}],"curies":[{"name":"wp","href":"https:\/\/api.w.org\/{rel}","templated":true}]}}