{"id":101274,"date":"2026-02-05T07:28:07","date_gmt":"2026-02-05T07:28:07","guid":{"rendered":"https:\/\/www.europesays.com\/ee\/101274\/"},"modified":"2026-02-05T07:28:07","modified_gmt":"2026-02-05T07:28:07","slug":"dallas-saatis-davise-washingtoni-warriors-toi-meeskonda-porzingise-korvpall","status":"publish","type":"post","link":"https:\/\/www.europesays.com\/ee\/101274\/","title":{"rendered":"Dallas saatis Davise Washingtoni, Warriors t\u00f5i meeskonda Porzingise | Korvpall"},"content":{"rendered":"<p>Korvpalliliigas NBA on k\u00e4tte j\u00f5udmas vahetustehingute t\u00e4htaeg ning viimased p\u00e4evad pakuvad selle raames kuhjaga p\u00f5nevust. Dallas Mavericks loobus Anthony Davise teenetest, Golden State Warriors t\u00f5i meeskonda Kristaps Porzingise.<\/p>\n<p>T\u00e4pselt aasta aega tagasi meeskonna t\u00e4htm\u00e4ngija Luka Doncici palju kirgi k\u00fctnud vahetustehingu raames Los Angeles Lakersisse saatnud Dallas Mavericks j\u00e4ttis n\u00fc\u00fcd h\u00fcvasti ka sloveeni eest vastu saadud Anthony Davisega, kui vahetas ta Washington Wizardsisse. Dallas ehitab oma meeskonna suvise draft&#8217;i avavaliku Cooper Flaggi \u00fcmber ja annab endale Davise kallist lepingust loobumisega rohkem vabadust.<\/p>\n<p>Lisaks k\u00fcmnel korral NBA t\u00e4htede m\u00e4ngul osalenud Davisele liikusid Washingtoni Jaden Hardy, D&#8217;Angelo Russell ja Dante Exum, vastu saadi Khris Middleton, AJ Johnson, Malaki Branham, Marvin Bagley III ja viis draft&#8217;i valiku\u00f5igust. \u00dchtlasi t\u00e4hendab see, et Davis ja Kyrie Irving veetsid Dallase s\u00e4rgis koos v\u00e4ljakul kokku vaid 25 minutit.<\/p>\n<p>ESPN kirjutab ka, et Golden State Warriors on saatnud Jonathan Kuminga ja Buddy Hieldi Atlanta Hawksi L\u00e4ti korvpallit\u00e4he Kristaps Porzingise vastu, mis t\u00e4hendab \u00fchtlasi, et Warriors on seega loobunud Giannis Antetokounmpo meeskonda toomisest. Porzingis m\u00e4ngis eelmisel hooajal Boston Celticsi eest 42 m\u00e4ngus ja on sel hooajal Hawksi eest platsile saanud 17 kohtumises.<\/p>\n","protected":false},"excerpt":{"rendered":"Korvpalliliigas NBA on k\u00e4tte j\u00f5udmas vahetustehingute t\u00e4htaeg ning viimased p\u00e4evad pakuvad selle raames kuhjaga p\u00f5nevust. Dallas Mavericks loobus&hellip;\n","protected":false},"author":2,"featured_media":101275,"comment_status":"","ping_status":"","sticky":false,"template":"","format":"standard","meta":{"footnotes":"","_share_on_mastodon":"0"},"categories":[18],"tags":[14634,17517,11758,37,33,35,34,36,33141,4391,159,158],"class_list":["post-101274","post","type-post","status-publish","format-standard","has-post-thumbnail","category-sport","tag-anthony-davis","tag-atlanta-hawks","tag-dallas-mavericks","tag-ee","tag-eesti","tag-eesti-keel","tag-estonia","tag-estonian","tag-kristaps-porzingis","tag-nba","tag-sport","tag-sports"],"share_on_mastodon":{"url":"https:\/\/pubeurope.com\/@ee\/116016847811422137","error":""},"_links":{"self":[{"href":"https:\/\/www.europesays.com\/ee\/wp-json\/wp\/v2\/posts\/101274","targetHints":{"allow":["GET"]}}],"collection":[{"href":"https:\/\/www.europesays.com\/ee\/wp-json\/wp\/v2\/posts"}],"about":[{"href":"https:\/\/www.europesays.com\/ee\/wp-json\/wp\/v2\/types\/post"}],"author":[{"embeddable":true,"href":"https:\/\/www.europesays.com\/ee\/wp-json\/wp\/v2\/users\/2"}],"replies":[{"embeddable":true,"href":"https:\/\/www.europesays.com\/ee\/wp-json\/wp\/v2\/comments?post=101274"}],"version-history":[{"count":0,"href":"https:\/\/www.europesays.com\/ee\/wp-json\/wp\/v2\/posts\/101274\/revisions"}],"wp:featuredmedia":[{"embeddable":true,"href":"https:\/\/www.europesays.com\/ee\/wp-json\/wp\/v2\/media\/101275"}],"wp:attachment":[{"href":"https:\/\/www.europesays.com\/ee\/wp-json\/wp\/v2\/media?parent=101274"}],"wp:term":[{"taxonomy":"category","embeddable":true,"href":"https:\/\/www.europesays.com\/ee\/wp-json\/wp\/v2\/categories?post=101274"},{"taxonomy":"post_tag","embeddable":true,"href":"https:\/\/www.europesays.com\/ee\/wp-json\/wp\/v2\/tags?post=101274"}],"curies":[{"name":"wp","href":"https:\/\/api.w.org\/{rel}","templated":true}]}}