{"id":101343,"date":"2026-02-05T08:38:11","date_gmt":"2026-02-05T08:38:11","guid":{"rendered":"https:\/\/www.europesays.com\/ee\/101343\/"},"modified":"2026-02-05T08:38:11","modified_gmt":"2026-02-05T08:38:11","slug":"must-lind-toi-parnu-noorele-lauljale-solistica-voidu-2","status":"publish","type":"post","link":"https:\/\/www.europesays.com\/ee\/101343\/","title":{"rendered":"Must lind t\u00f5i P\u00e4rnu noorele lauljale Solistica v\u00f5idu"},"content":{"rendered":"<p>Populaarse lauluv\u00f5istluse demovooru registreerus 232 solisti k\u00f5ikjalt riigist. L\u00f5ppv\u00f5istlusele Kuressaares Thule Kojas p\u00e4\u00e4ses 62 lauljat, P\u00e4rnu kunstide kooli noored solistid t\u00f5id koju kolm laureaaditiitlit.<\/p>\n<p>Eelvaliku tegi demode p\u00f5hjal \u017e\u00fcrii, mille koosseisu kuulusid basskitarrist ja laulja-laulukirjutaja Mai Leisz, helilooja-muusikaprodutsent Priit Pajusaar ja laulja Rita Ray ehk Kristi Raias.<\/p>\n","protected":false},"excerpt":{"rendered":"Populaarse lauluv\u00f5istluse demovooru registreerus 232 solisti k\u00f5ikjalt riigist. L\u00f5ppv\u00f5istlusele Kuressaares Thule Kojas p\u00e4\u00e4ses 62 lauljat, P\u00e4rnu kunstide kooli&hellip;\n","protected":false},"author":2,"featured_media":101310,"comment_status":"","ping_status":"","sticky":false,"template":"","format":"standard","meta":{"footnotes":"","_share_on_mastodon":"0"},"categories":[5],"tags":[26,27,37,33,35,28309,34,36,31,32,21,456,28,29,6276,19,9204,25,48657,1458,48658,23,24,22,20,30],"class_list":["post-101343","post","type-post","status-publish","format-standard","has-post-thumbnail","category-uldised-uudised","tag-breaking-news","tag-breakingnews","tag-ee","tag-eesti","tag-eesti-keel","tag-eliise-mengel","tag-estonia","tag-estonian","tag-featured-news","tag-featurednews","tag-headlines","tag-kuressaare","tag-latest-news","tag-latestnews","tag-laura-junson","tag-news","tag-parnu-kunstide-kool","tag-populaarseimad-lood","tag-robin-mittenbritt","tag-ruja","tag-solistica","tag-top-stories","tag-topstories","tag-uldised-uudised","tag-uudised","tag-viimased-uudised"],"share_on_mastodon":{"url":"https:\/\/pubeurope.com\/@ee\/116017122653766088","error":""},"_links":{"self":[{"href":"https:\/\/www.europesays.com\/ee\/wp-json\/wp\/v2\/posts\/101343","targetHints":{"allow":["GET"]}}],"collection":[{"href":"https:\/\/www.europesays.com\/ee\/wp-json\/wp\/v2\/posts"}],"about":[{"href":"https:\/\/www.europesays.com\/ee\/wp-json\/wp\/v2\/types\/post"}],"author":[{"embeddable":true,"href":"https:\/\/www.europesays.com\/ee\/wp-json\/wp\/v2\/users\/2"}],"replies":[{"embeddable":true,"href":"https:\/\/www.europesays.com\/ee\/wp-json\/wp\/v2\/comments?post=101343"}],"version-history":[{"count":0,"href":"https:\/\/www.europesays.com\/ee\/wp-json\/wp\/v2\/posts\/101343\/revisions"}],"wp:featuredmedia":[{"embeddable":true,"href":"https:\/\/www.europesays.com\/ee\/wp-json\/wp\/v2\/media\/101310"}],"wp:attachment":[{"href":"https:\/\/www.europesays.com\/ee\/wp-json\/wp\/v2\/media?parent=101343"}],"wp:term":[{"taxonomy":"category","embeddable":true,"href":"https:\/\/www.europesays.com\/ee\/wp-json\/wp\/v2\/categories?post=101343"},{"taxonomy":"post_tag","embeddable":true,"href":"https:\/\/www.europesays.com\/ee\/wp-json\/wp\/v2\/tags?post=101343"}],"curies":[{"name":"wp","href":"https:\/\/api.w.org\/{rel}","templated":true}]}}