{"id":101435,"date":"2026-02-05T10:38:14","date_gmt":"2026-02-05T10:38:14","guid":{"rendered":"https:\/\/www.europesays.com\/ee\/101435\/"},"modified":"2026-02-05T10:38:14","modified_gmt":"2026-02-05T10:38:14","slug":"ilmaprognoos-ohutemperatuur-pusib-karmilt-kulm-kuid-uue-nadala-algus-toob-muutust-maaleht","status":"publish","type":"post","link":"https:\/\/www.europesays.com\/ee\/101435\/","title":{"rendered":"ILMAPROGNOOS | \u00d5hutemperatuur p\u00fcsib karmilt k\u00fclm, kuid uue n\u00e4dala algus toob muutust &#8211; Maaleht"},"content":{"rendered":"<ol>\n<li><a href=\"https:\/\/news.google.com\/rss\/articles\/CBMisgFBVV95cUxOVUExTy1QQ0g4bFFIYUtJX0o0cEZTQjVKWW5BOFZrbl9FZVMyYkw3Y2VPU3FkbWpoU2xKdjJ5Y1gtUnc1V0pqcXE1bWtFVFI2eGQxbjhzYWQzTUZLLXBMdUdDWUY5bTRzaHUwVFdiVFpXcjB2M3VUTlJNQVJndGJGODlubWk2OHN1bW1vQ3lZekl1UUxYX05EUlM0Qm8yQVJlamVyMUFqTVpVakplWVZIX1Fn?oc=5\" target=\"_blank\" rel=\"nofollow noopener\">ILMAPROGNOOS | \u00d5hutemperatuur p\u00fcsib karmilt k\u00fclm, kuid uue n\u00e4dala algus toob muutust<\/a>&nbsp;&nbsp;Maaleht<\/li>\n<li><a href=\"https:\/\/news.google.com\/rss\/articles\/CBMiggFBVV95cUxPbVVxdkM2YkxjWmpVNXNLQzRyRzlzTWN5TUhvZVU0VU0xRDlWUFRZa2MtUVI5dDNtSUV0dlNmY2xIZkdZeW5qcnF3LTM2OVFaNEMtS2VGSVNxc0RfRVZtU0hnR3doZjI1S3hXNmE5cVVqaVBQY3p1RzVxcFAxRHktaWpn?oc=5\" target=\"_blank\" rel=\"nofollow noopener\">Kolmap\u00e4eval tuleb kuni 25 kraadi k\u00fclma<\/a>&nbsp;&nbsp;Ilmajaam.ee<\/li>\n<li><a href=\"https:\/\/news.google.com\/rss\/articles\/CBMif0FVX3lxTFBhSWhwZTdHY3dZTTJXNkpWVEhyWmhWa0o3MWN0WTdYSWF6djY3Ml9xQTViMUFRZ2M2Nl9OOGc5NnQzRVQ3ZG9JcDNTX2Z5X0QwS096ZnhfTnIxTndfeko4czh0elBwZHJ1Q3hKaXptWDBpYmwtQW5aQlVmbUl4eW8?oc=5\" target=\"_blank\" rel=\"nofollow noopener\">Aktuaalne kaamera. Ilm: S\u00fcnoptik: talveilm kestab terve veebruari<\/a>&nbsp;&nbsp;Jupiter | ERR<\/li>\n<li><a href=\"https:\/\/news.google.com\/rss\/articles\/CBMie0FVX3lxTE5fMjhUanFZT2tfbFBFZHozeDJfTXVPLXF2YTQxVzNybkJ3YTJ3MVRnQjFfUTg4RWI1eUFKMVR5SlZTVzBaQkFlZlUyaVhjVWJzMEZLd054QnRMX01EZWlXanN2SlBVOVc2WHRsb0JheF9valVvY2ZtcnluYw?oc=5\" target=\"_blank\" rel=\"nofollow noopener\">L\u00e4inud \u00f6\u00f6 oli selle talve k\u00f5ige k\u00fclmem<\/a>&nbsp;&nbsp;L\u00e4\u00e4ne Elu<\/li>\n<li><a href=\"https:\/\/news.google.com\/rss\/articles\/CBMikwFBVV95cUxPSHRma0o5bVlnX3ltQXlPczhLQkRXZHJTMFVfSTNzVExpVFlNUEZ2M1Zpa19qeno2Yk9lNUxlbUp0VGhNSEtvclRETDJPZDliYnR5bXZabVBQN1duNnJSYjVmcjVZdGlmV2g5MEx3MnAxSHpqUTVaRWx3em02N3l1dU5nOUdnVHlFY0N1TEVSYWJ3Z0E?oc=5\" target=\"_blank\" rel=\"nofollow noopener\">Eesti koges n\u00e4dalavahetusel seni k\u00f5ige pakaselisemat ilma<\/a>&nbsp;&nbsp;\u00d5htuleht<\/li>\n<\/ol>\n","protected":false},"excerpt":{"rendered":"ILMAPROGNOOS | \u00d5hutemperatuur p\u00fcsib karmilt k\u00fclm, kuid uue n\u00e4dala algus toob muutust&nbsp;&nbsp;Maaleht Kolmap\u00e4eval tuleb kuni 25 kraadi k\u00fclma&nbsp;&nbsp;Ilmajaam.ee&hellip;\n","protected":false},"author":2,"featured_media":83633,"comment_status":"","ping_status":"","sticky":false,"template":"","format":"standard","meta":{"footnotes":"","_share_on_mastodon":"0"},"categories":[12],"tags":[26,27,37,33,35,34,36,31,32,21,668,28,29,3965,19,18148,25,2836,23,24,22,20,30],"class_list":["post-101435","post","type-post","status-publish","format-standard","has-post-thumbnail","category-eesti","tag-breaking-news","tag-breakingnews","tag-ee","tag-eesti","tag-eesti-keel","tag-estonia","tag-estonian","tag-featured-news","tag-featurednews","tag-headlines","tag-ilm","tag-latest-news","tag-latestnews","tag-nadala-ilmaprognoos","tag-news","tag-pakane","tag-populaarseimad-lood","tag-talv","tag-top-stories","tag-topstories","tag-uldised-uudised","tag-uudised","tag-viimased-uudised"],"share_on_mastodon":{"url":"https:\/\/pubeurope.com\/@ee\/116017594600598085","error":""},"_links":{"self":[{"href":"https:\/\/www.europesays.com\/ee\/wp-json\/wp\/v2\/posts\/101435","targetHints":{"allow":["GET"]}}],"collection":[{"href":"https:\/\/www.europesays.com\/ee\/wp-json\/wp\/v2\/posts"}],"about":[{"href":"https:\/\/www.europesays.com\/ee\/wp-json\/wp\/v2\/types\/post"}],"author":[{"embeddable":true,"href":"https:\/\/www.europesays.com\/ee\/wp-json\/wp\/v2\/users\/2"}],"replies":[{"embeddable":true,"href":"https:\/\/www.europesays.com\/ee\/wp-json\/wp\/v2\/comments?post=101435"}],"version-history":[{"count":0,"href":"https:\/\/www.europesays.com\/ee\/wp-json\/wp\/v2\/posts\/101435\/revisions"}],"wp:featuredmedia":[{"embeddable":true,"href":"https:\/\/www.europesays.com\/ee\/wp-json\/wp\/v2\/media\/83633"}],"wp:attachment":[{"href":"https:\/\/www.europesays.com\/ee\/wp-json\/wp\/v2\/media?parent=101435"}],"wp:term":[{"taxonomy":"category","embeddable":true,"href":"https:\/\/www.europesays.com\/ee\/wp-json\/wp\/v2\/categories?post=101435"},{"taxonomy":"post_tag","embeddable":true,"href":"https:\/\/www.europesays.com\/ee\/wp-json\/wp\/v2\/tags?post=101435"}],"curies":[{"name":"wp","href":"https:\/\/api.w.org\/{rel}","templated":true}]}}