{"id":101477,"date":"2026-02-05T11:31:07","date_gmt":"2026-02-05T11:31:07","guid":{"rendered":"https:\/\/www.europesays.com\/ee\/101477\/"},"modified":"2026-02-05T11:31:07","modified_gmt":"2026-02-05T11:31:07","slug":"teaduspreemia-palvinud-targo-kalamees-eesti-hoonefond-vajab-uuenduskuuri-teaduselu","status":"publish","type":"post","link":"https:\/\/www.europesays.com\/ee\/101477\/","title":{"rendered":"Teaduspreemia p\u00e4lvinud Targo Kalamees: Eesti hoonefond vajab uuenduskuuri | Teaduselu"},"content":{"rendered":"<p>Riikliku teaduspreemia tehnika ja tehnoloogia valdkonnas p\u00e4lvis t\u00e4navu Tallinna Tehnika\u00fclikooli professor Targo Kalamees, kelle t\u00f6\u00f6d keskenduvad hoonete renoveerimisele.<\/p>\n<p>Targo Kalamees sai tunnustuse elamufondi tervikrenoveerimise ja niiskusturvalisuse arendamise eest. Tema v\u00e4ljat\u00f6\u00f6tatud tehaseline renoveerimistehnoloogia v\u00f5imaldab hooneid kiiremini ja kvaliteetsemalt energiat\u00f5husaks muuta.<\/p>\n<p>Targo Kalamehe s\u00f5nul on hooned \u00fcks Eesti olulisemaid elut\u00e4htsaid taristuid. &#8220;Kui vaatame, kus inimesed elavad ja t\u00f6\u00f6tavad, siis see on m\u00e4rkimisv\u00e4\u00e4rne taristuobjekt,&#8221; \u00fctles ta.<\/p>\n<p>Suur osa Eesti elamutest on ehitatud p\u00e4rast teist maailmas\u00f5da, eesk\u00e4tt 1970.\u20131990. aastatel, ning paljud neist j\u00f5uavad n\u00fc\u00fcd oma projekteeritud kasutusaja l\u00f5ppu, mist\u00f5ttu on suur k\u00fcsimus, mis nendega edasi teha.<\/p>\n<p>&#8220;Meil ei ole ressurssi ega ka vajadust k\u00f5ik need hooned maha lammutada ja uuesti ehitada,&#8221; m\u00e4rkis Kalamees. K\u00fcsimus on tema s\u00f5nul selles, kuidas olemasolevaid hooneid m\u00f5istlikult korrastada, et inimestel oleks seal hea elada ning kulud j\u00e4\u00e4ksid j\u00f5ukohaseks. &#8220;Loota, et me elame nendes hoonetes neisse panustamata veel j\u00e4rgmised 20 v\u00f5i 30 aastat, ei ole t\u00f5en\u00e4oline, sest nad lihtsalt ei kesta. K\u00fcll aga kestavad nad siis, kui me neid renoveerime,&#8221; s\u00f5nas ta.<\/p>\n<p>Kalamehe teadust\u00f6\u00f6de ts\u00fckkel keskendubki sellele, kuidas Eesti hooneid renoveerida nii, et need kestaksid veel aastak\u00fcmneid. Tema s\u00f5nul on see ehituse ringmajanduse \u00fcks keskseid p\u00f5him\u00f5tteid: olemasoleva ressursi kasutamine ja v\u00e4\u00e4rtustamine.<\/p>\n<p>&#8220;Hooned kestavad siis, kui neid renoveerida. Kui nendesse ei panustata, siis renoveerimisv\u00f5lg ainult kasvab ja hiljem on korda tegemine veel palju kallim,&#8221; r\u00f5hutas ta.<\/p>\n<p>Teadlase s\u00f5nul on \u00fcks suuremaid probleeme senini olnud selge ja j\u00e4rjepideva riikliku strateegia puudumine. Kuigi korterelamute renoveerimist on toetatud ning see on hakanud paremini t\u00f6\u00f6le, on otsuste venimine toonud kaasa ka negatiivseid tagaj\u00e4rgi.<\/p>\n<p>&#8220;Kui meetmed hilinevad, siis ettev\u00f5tted, kes on investeerinud ja t\u00f6\u00f6tajaid palganud, j\u00e4\u00e4vad tellimusteta. Tehased kahanevad ja kui n\u00f5udlus l\u00f5puks tekib, ei suudeta seda katta. See t\u00f5stab hindu ja teeb renoveerimise elanikele kallimaks,&#8221; selgitas Kalamees.<\/p>\n<p><img decoding=\"async\" data-photo-id=\"1602409\" src=\"https:\/\/www.europesays.com\/ee\/wp-content\/uploads\/2026\/02\/1602409hdda9t24.jpg\"\/>Pikas plaanis ei j\u00e4\u00e4 Eestil k\u00fcttearvete v\u00e4hendamiseks \u00fcle muud, kui toetada hoonete renoveerimist. Autor\/allikas: Ken M\u00fcrk\/ERR<\/p>\n<p>Kalamees r\u00f5hutas ka kohalike omavalitsuste rolli, mis tema s\u00f5nul on sageli alahinnatud. Kuigi Tallinnas r\u00e4\u00e4gitakse palju renoveerimisest, on n\u00e4iteks Lasnam\u00e4el see alles algusj\u00e4rgus. Samas t\u00f5i ta positiivsete n\u00e4idetena esile Elva ja Rakvere, kus vanade kortermajade renoveerimine on j\u00f5udsalt edenenud.<\/p>\n<p>&#8220;Kohalik omavalitsus on sageli esimene kontaktpunkt, n\u00e4iteks ehitusloa k\u00fcsimisel. Seet\u00f5ttu peaksid omavalitsuste juurde tekkima renoveerimise kontaktpunktid, mis annavad n\u00f5u nii korteri\u00fchistutele kui ka eramajaomanikele,&#8221; \u00fctles Kalamees.<\/p>\n<p>Tema s\u00f5nul on seadustes selgelt kirjas, et elamu- ja kommunaalmajandus kuulub kohaliku omavalitsuse \u00fclesannete hulka, kuid praktikas viidatakse sageli nappidele rahalistele v\u00f5imalustele.<\/p>\n<p>Kalamees nentis, et renoveerimise edasil\u00fckkamisel on ka laiem sotsiaalne m\u00f5ju. &#8220;Kui vanadest majadest kolivad v\u00e4lja need, kes on v\u00f5imekamad ja nutikamad, ning j\u00e4rele j\u00e4\u00e4b sotsiaalselt haavatavam elanikkond, langeb kogu koormus l\u00f5puks riigile ja omavalitsustele,&#8221; \u00fctles ta.<\/p>\n<p>Tema hinnangul on \u00fchiskonnale odavam ja m\u00f5istlikum motiveerida inimesi oma elamuid varakult korda tegema, kui tegeleda hiljem lagunevate hoonete ja s\u00fcvenevate sotsiaalsete probleemidega.<\/p>\n<p>Kalamehe s\u00f5nul j\u00e4tkub t\u00f6\u00f6d selles valdkonnas veel kauaks. &#8220;See ei ole ainult roheteema. See on inimeste kodude, elukeskkonna ja l\u00f5puks ka kogu \u00fchiskonna kestlikkuse k\u00fcsimus,&#8221; m\u00e4rkis ta.<\/p>\n","protected":false},"excerpt":{"rendered":"Riikliku teaduspreemia tehnika ja tehnoloogia valdkonnas p\u00e4lvis t\u00e4navu Tallinna Tehnika\u00fclikooli professor Targo Kalamees, kelle t\u00f6\u00f6d keskenduvad hoonete renoveerimisele.&hellip;\n","protected":false},"author":2,"featured_media":101478,"comment_status":"","ping_status":"","sticky":false,"template":"","format":"standard","meta":{"footnotes":"","_share_on_mastodon":"0"},"categories":[14],"tags":[131,130,37,33,35,34,36,31774,10944,3514,5593,48707],"class_list":["post-101477","post","type-post","status-publish","format-standard","has-post-thumbnail","category-ari","tag-ari","tag-business","tag-ee","tag-eesti","tag-eesti-keel","tag-estonia","tag-estonian","tag-hooned","tag-hoonete-renoveerimine","tag-renoveerimine","tag-tallinna-tehnikaulikool","tag-targo-kalamees"],"share_on_mastodon":{"url":"https:\/\/pubeurope.com\/@ee\/116017802996942271","error":""},"_links":{"self":[{"href":"https:\/\/www.europesays.com\/ee\/wp-json\/wp\/v2\/posts\/101477","targetHints":{"allow":["GET"]}}],"collection":[{"href":"https:\/\/www.europesays.com\/ee\/wp-json\/wp\/v2\/posts"}],"about":[{"href":"https:\/\/www.europesays.com\/ee\/wp-json\/wp\/v2\/types\/post"}],"author":[{"embeddable":true,"href":"https:\/\/www.europesays.com\/ee\/wp-json\/wp\/v2\/users\/2"}],"replies":[{"embeddable":true,"href":"https:\/\/www.europesays.com\/ee\/wp-json\/wp\/v2\/comments?post=101477"}],"version-history":[{"count":0,"href":"https:\/\/www.europesays.com\/ee\/wp-json\/wp\/v2\/posts\/101477\/revisions"}],"wp:featuredmedia":[{"embeddable":true,"href":"https:\/\/www.europesays.com\/ee\/wp-json\/wp\/v2\/media\/101478"}],"wp:attachment":[{"href":"https:\/\/www.europesays.com\/ee\/wp-json\/wp\/v2\/media?parent=101477"}],"wp:term":[{"taxonomy":"category","embeddable":true,"href":"https:\/\/www.europesays.com\/ee\/wp-json\/wp\/v2\/categories?post=101477"},{"taxonomy":"post_tag","embeddable":true,"href":"https:\/\/www.europesays.com\/ee\/wp-json\/wp\/v2\/tags?post=101477"}],"curies":[{"name":"wp","href":"https:\/\/api.w.org\/{rel}","templated":true}]}}