{"id":101565,"date":"2026-02-05T13:34:15","date_gmt":"2026-02-05T13:34:15","guid":{"rendered":"https:\/\/www.europesays.com\/ee\/101565\/"},"modified":"2026-02-05T13:34:15","modified_gmt":"2026-02-05T13:34:15","slug":"alampalgaga-tootaja-tootasu-suurus-kui-2026-aasta-miinimumpalk-on-veel-kinnitamata","status":"publish","type":"post","link":"https:\/\/www.europesays.com\/ee\/101565\/","title":{"rendered":"Alampalgaga t\u00f6\u00f6taja t\u00f6\u00f6tasu suurus, kui 2026. aasta miinimumpalk on veel kinnitamata"},"content":{"rendered":"<p>        <img width=\"1200\" height=\"675\" src=\"https:\/\/www.europesays.com\/ee\/wp-content\/uploads\/2026\/02\/3646eb1d2b7c2e6ec667ef1e13211bb7.jpg\" class=\"img-fluid wp-post-image\" alt=\"\" itemprop=\"thumbnailUrl\" data-zoom-src=\"https:\/\/www.europesays.com\/ee\/wp-content\/uploads\/2026\/02\/3646eb1d2b7c2e6ec667ef1e13211bb7.jpg\" decoding=\"async\" fetchpriority=\"high\"  \/><\/p>\n<p>    Foto: Depositphotos  <\/p>\n<p>              PRO tellijale<\/p>\n<p>K\u00fcsimus: olen t\u00f6\u00f6tajatele arvutamas jaanuari kuu eest t\u00f6\u00f6tasu. Osadel t\u00f6\u00f6tajatel on t\u00f6\u00f6lepingus kirjas, et nende tasu on miinimumtasu.  Saan aru, et selleks aastaks ei ole miinimumtasu kinnitatud. Kas ma j\u00e4tan neile t\u00f6\u00f6tasu arvutamata?<\/p>\n<p>Vastab raamatupidamise ja maksuinfoportaali RMP \u00e4rijuht Karin Ungro<\/p>\n<p class=\"text-center haas small\">See lugu on PRO tellijatele.<\/p>\n<ul class=\"small pl-4\">\n<li>Ligip\u00e4\u00e4s PRO portaalidele (RMP, \u00c4ri, DigiPro, Rikas ja E-kaubandus).<\/li>\n<li>\u00dcle 2000 raamatupidaja t\u00f6\u00f6ks vajaliku jooksvalt ajakohastatud t\u00f6\u00f6riista, juhendi ja n\u00f5uande (sealhulgas \u00fcle 50 abitabeli).<\/li>\n<li class=\"WPT7ge\">RMP toimetuse <a href=\"https:\/\/rmp.geenius.ee\/koolituskalender\/valdkonnad\/koolitusfirmad\/rmp-eesti\/\" target=\"_blank\" rel=\"noopener nofollow\">korraldatud koolitustele<\/a> soodustus v\u00e4hemalt 25 eurot.<\/li>\n<li class=\"WPT7ge\">Ligip\u00e4\u00e4su Geeniuse seitsme teemaportaali tasulisele sisule.<\/li>\n<li class=\"WPT7ge\">Ajakirjade Autoleht, Autoleht Ekstra ja Digi artiklite lugemis\u00f5igust veebis.<\/li>\n<li class=\"WPT7ge\">Ajakirja Digi paberv\u00e4ljaannet. Selle saamiseks saada palun oma aadress aadressile <a href=\"https:\/\/rmp.geenius.ee\/cdn-cgi\/l\/email-protection\" class=\"__cf_email__\" data-cfemail=\"f5819099999cb59290909b9c8086db9090\" rel=\"nofollow noopener\" target=\"_blank\">[email\u00a0protected]<\/a>. Paberajakirja saad tellida ainult Eesti aadressile.<\/li>\n<\/ul>\n<p class=\"text-center haas small pb-4 mb-0\">Soovid maksta arvega, teha hulgitellimuse v\u00f5i otsid teistsugust tellimust?<br \/>\n              <a href=\"https:\/\/rmp.geenius.ee\/tellimine\/\" rel=\"nofollow noopener\" target=\"_blank\">K\u00f5ik tellimisv\u00f5imalused leiad siit.<\/a>\n          <\/p>\n<p class=\"mb-2\">Telli finantsvaldkonna uudised oma postkasti! Kolmap\u00e4eviti saadetav RMP N\u00e4dalakiri sisaldab raamatupidamise, maksunduse ja t\u00f6\u00f6\u00f5iguse uudiseid, spetsialistide artikleid, seadusemuudatusi, n\u00f5uandeid jpm.<\/p>\n<p>                    <img width=\"400\" height=\"379\" src=\"https:\/\/www.europesays.com\/ee\/wp-content\/uploads\/2025\/11\/fb51a5997136b6a5e7241366060c27f8.jpg\" class=\"img-fluid align-self-center\" alt=\"\" decoding=\"async\" loading=\"lazy\"  \/><\/p>\n<p class=\"pais rmp\">Samal teemal<\/p>\n<p>          <a href=\"https:\/\/rmp.geenius.ee\/uudised\/toooigus-uudised\/tooandjad-ja-ametiuhingud-ei-joudnud-miinimumpalga-osas-kokkuleppele-jatkates-riikliku-lepitaja-vahendusel\/\" rel=\"nofollow noopener\" target=\"_blank\"><\/p>\n<p>                <img width=\"360\" height=\"203\" src=\"https:\/\/www.europesays.com\/ee\/wp-content\/uploads\/2026\/02\/8847e129550a2916131cc76cfb8c700e-360x203.jpg\" class=\"img-fluid wp-post-image\" alt=\"\" itemprop=\"thumbnailUrl\" decoding=\"async\" loading=\"lazy\"  \/>              <\/p>\n<p>          <\/a><\/p>\n<p>          <a href=\"https:\/\/rmp.geenius.ee\/uudised\/toooigus-uudised\/evea-ametiuhing-tahab-sundida-koik-ettevotjad-kollektiivlepingusse\/\" rel=\"nofollow noopener\" target=\"_blank\"><\/p>\n<p>                <img width=\"360\" height=\"203\" src=\"https:\/\/www.europesays.com\/ee\/wp-content\/uploads\/2026\/02\/42dace7fca0f77c77046c25c6ee19d8c-360x203.jpg\" class=\"img-fluid wp-post-image\" alt=\"\" itemprop=\"thumbnailUrl\" decoding=\"async\" loading=\"lazy\"  \/>              <\/p>\n<p>          <\/a><\/p>\n<p>          <a href=\"https:\/\/rmp.geenius.ee\/toooigus\/tls\/tootasu-alammaarad-alates-1996-aastast\/\" rel=\"nofollow noopener\" target=\"_blank\"><\/p>\n<p>                <img width=\"360\" height=\"203\" src=\"https:\/\/www.europesays.com\/ee\/wp-content\/uploads\/2026\/02\/4699e3d8c603278487afda7730e6664f-360x203.png\" class=\"img-fluid wp-post-image\" alt=\"eurosent sentiide lugemine raha lugemine k\u00e4si\" itemprop=\"thumbnailUrl\" decoding=\"async\" loading=\"lazy\"  \/>              <\/p>\n<p>          <\/a><\/p>\n","protected":false},"excerpt":{"rendered":"Foto: Depositphotos PRO tellijale K\u00fcsimus: olen t\u00f6\u00f6tajatele arvutamas jaanuari kuu eest t\u00f6\u00f6tasu. Osadel t\u00f6\u00f6tajatel on t\u00f6\u00f6lepingus kirjas, et&hellip;\n","protected":false},"author":2,"featured_media":101566,"comment_status":"","ping_status":"","sticky":false,"template":"","format":"standard","meta":{"footnotes":"","_share_on_mastodon":"0"},"categories":[14],"tags":[12340,5669,131,130,37,33,35,34,36,48748,25182,25917],"class_list":["post-101565","post","type-post","status-publish","format-standard","has-post-thumbnail","category-ari","tag-12340","tag-alampalk","tag-ari","tag-business","tag-ee","tag-eesti","tag-eesti-keel","tag-estonia","tag-estonian","tag-miinimum-tootasu","tag-miinimumpalk","tag-tootasu-alammaar"],"share_on_mastodon":{"url":"https:\/\/pubeurope.com\/@ee\/116018286669963446","error":""},"_links":{"self":[{"href":"https:\/\/www.europesays.com\/ee\/wp-json\/wp\/v2\/posts\/101565","targetHints":{"allow":["GET"]}}],"collection":[{"href":"https:\/\/www.europesays.com\/ee\/wp-json\/wp\/v2\/posts"}],"about":[{"href":"https:\/\/www.europesays.com\/ee\/wp-json\/wp\/v2\/types\/post"}],"author":[{"embeddable":true,"href":"https:\/\/www.europesays.com\/ee\/wp-json\/wp\/v2\/users\/2"}],"replies":[{"embeddable":true,"href":"https:\/\/www.europesays.com\/ee\/wp-json\/wp\/v2\/comments?post=101565"}],"version-history":[{"count":0,"href":"https:\/\/www.europesays.com\/ee\/wp-json\/wp\/v2\/posts\/101565\/revisions"}],"wp:featuredmedia":[{"embeddable":true,"href":"https:\/\/www.europesays.com\/ee\/wp-json\/wp\/v2\/media\/101566"}],"wp:attachment":[{"href":"https:\/\/www.europesays.com\/ee\/wp-json\/wp\/v2\/media?parent=101565"}],"wp:term":[{"taxonomy":"category","embeddable":true,"href":"https:\/\/www.europesays.com\/ee\/wp-json\/wp\/v2\/categories?post=101565"},{"taxonomy":"post_tag","embeddable":true,"href":"https:\/\/www.europesays.com\/ee\/wp-json\/wp\/v2\/tags?post=101565"}],"curies":[{"name":"wp","href":"https:\/\/api.w.org\/{rel}","templated":true}]}}