{"id":101732,"date":"2026-02-05T17:14:06","date_gmt":"2026-02-05T17:14:06","guid":{"rendered":"https:\/\/www.europesays.com\/ee\/101732\/"},"modified":"2026-02-05T17:14:06","modified_gmt":"2026-02-05T17:14:06","slug":"euroopa-keskpank-jattis-taas-intressid-muutmata-majandus","status":"publish","type":"post","link":"https:\/\/www.europesays.com\/ee\/101732\/","title":{"rendered":"Euroopa Keskpank j\u00e4ttis taas intressid muutmata | Majandus"},"content":{"rendered":"<p>Euroopa Keskpanga n\u00f5ukogu otsustas j\u00e4tta baasintressim\u00e4\u00e4rad muutmata, viimati alandas keskpank intresse m\u00f6\u00f6dunud aasta juunis.<\/p>\n<p>Euroopa Keskpanga presidendi Christine Lagarde`i s\u00f5nul kinnitab N\u00f5ukogu ajakohastatud hinnang veelkord, et inflatsioon peaks stabiliseeruma eesm\u00e4rgiks seatud kahe protsendi tasemel ning majandus on ebakindlas rahvusvahelises keskkonnas j\u00e4tkuvalt vastupidav.<\/p>\n<p>&#8220;Kasvu elavdavad madal t\u00f6\u00f6puudus, erasektori tugevad bilansid, avaliku sektori j\u00e4rk-j\u00e4rgult kasvavad kulutused kaitse- ja taristuvaldkonda ning varasemate intressim\u00e4\u00e4ra k\u00e4rbete toetav m\u00f5ju. V\u00e4ljavaade on siiski endiselt ebakindel, seda eelk\u00f5ige \u00fcleilmse kaubanduspoliitikaga seotud praeguse ebakindluse ja geopoliitiliste pingete t\u00f5ttu,&#8221; \u00fctles Euroopa Keskpanga president Christine Lagarde.<\/p>\n","protected":false},"excerpt":{"rendered":"Euroopa Keskpanga n\u00f5ukogu otsustas j\u00e4tta baasintressim\u00e4\u00e4rad muutmata, viimati alandas keskpank intresse m\u00f6\u00f6dunud aasta juunis. Euroopa Keskpanga presidendi Christine&hellip;\n","protected":false},"author":2,"featured_media":101733,"comment_status":"","ping_status":"","sticky":false,"template":"","format":"standard","meta":{"footnotes":"","_share_on_mastodon":"0"},"categories":[14],"tags":[131,130,6921,37,33,35,34,36,2412,3466],"class_list":["post-101732","post","type-post","status-publish","format-standard","has-post-thumbnail","category-ari","tag-ari","tag-business","tag-christine-lagarde","tag-ee","tag-eesti","tag-eesti-keel","tag-estonia","tag-estonian","tag-euroopa-keskpank","tag-intressid"],"share_on_mastodon":{"url":"https:\/\/pubeurope.com\/@ee\/116019151894170927","error":""},"_links":{"self":[{"href":"https:\/\/www.europesays.com\/ee\/wp-json\/wp\/v2\/posts\/101732","targetHints":{"allow":["GET"]}}],"collection":[{"href":"https:\/\/www.europesays.com\/ee\/wp-json\/wp\/v2\/posts"}],"about":[{"href":"https:\/\/www.europesays.com\/ee\/wp-json\/wp\/v2\/types\/post"}],"author":[{"embeddable":true,"href":"https:\/\/www.europesays.com\/ee\/wp-json\/wp\/v2\/users\/2"}],"replies":[{"embeddable":true,"href":"https:\/\/www.europesays.com\/ee\/wp-json\/wp\/v2\/comments?post=101732"}],"version-history":[{"count":0,"href":"https:\/\/www.europesays.com\/ee\/wp-json\/wp\/v2\/posts\/101732\/revisions"}],"wp:featuredmedia":[{"embeddable":true,"href":"https:\/\/www.europesays.com\/ee\/wp-json\/wp\/v2\/media\/101733"}],"wp:attachment":[{"href":"https:\/\/www.europesays.com\/ee\/wp-json\/wp\/v2\/media?parent=101732"}],"wp:term":[{"taxonomy":"category","embeddable":true,"href":"https:\/\/www.europesays.com\/ee\/wp-json\/wp\/v2\/categories?post=101732"},{"taxonomy":"post_tag","embeddable":true,"href":"https:\/\/www.europesays.com\/ee\/wp-json\/wp\/v2\/tags?post=101732"}],"curies":[{"name":"wp","href":"https:\/\/api.w.org\/{rel}","templated":true}]}}