{"id":102020,"date":"2026-02-06T06:38:08","date_gmt":"2026-02-06T06:38:08","guid":{"rendered":"https:\/\/www.europesays.com\/ee\/102020\/"},"modified":"2026-02-06T06:38:08","modified_gmt":"2026-02-06T06:38:08","slug":"uue-metoodika-alusel-leitud-tarbijahinnaindeksi-muutus-jai-avaldamata-majandus","status":"publish","type":"post","link":"https:\/\/www.europesays.com\/ee\/102020\/","title":{"rendered":"Uue metoodika alusel leitud tarbijahinnaindeksi muutus j\u00e4i avaldamata | Majandus"},"content":{"rendered":"<p>Statistikaamet l\u00fckkas ootamatult edasi reede hommikule planeeritud uue metoodika alusel arvutatud tarbijahinnaindeksi jaanuarikuu andmete avaldamise.<\/p>\n<p>Statistikaamet v\u00f5ttis\u202falanud aastast\u00a0tarbijahinnaindeksi\u00a0(THI)\u00a0arvutamisel kasutusele uue\u00a0metoodika, mis varasemaga v\u00f5rreldes arvestab enam toidukauba soodushindu.\u00a0<\/p>\n<p>Reedel hommikul j\u00e4id uued andmed planeeritud ajal ehk kell 8 avaldamata ning statistikaamet teatas 15 minutit hiljem, et tarbijahinnaindeksi jaanuarikuu andmete avaldamine l\u00fckkub edasi esmasp\u00e4evale.<\/p>\n<p>Samuti l\u00fckkub edasi tarbijahinnaindeksi uuendusi tutvustama pidanud pressikonverents.<\/p>\n<p>Statistikaameti peadirektor Urmet Lee \u00fctles, et tarbijahinnaindeksi uue metoodika kasutuselev\u00f5tt on olnud t\u00f6\u00f6mahukam ja v\u00f5tnud rohkem aega kui planeeritud.<\/p>\n<p>&#8220;Andmed on meie jaoks t\u00e4iesti uued ja nende maht kasvas v\u00e4ga suurel m\u00e4\u00e4ral. Kontrollime jaanuarikuu tarbijahinnaindeksi algandmeid ja valideerime tulemusi t\u00e4iendavalt \u2013 kvaliteedis me alla anda ei saa,&#8221; \u00fctles Lee.<\/p>\n<p><img decoding=\"async\" data-photo-id=\"3184772\" src=\"https:\/\/www.europesays.com\/ee\/wp-content\/uploads\/2026\/02\/3184772h4c6et24.png\"\/>Reedel kell 8 vaatas v\u00e4rske tarbijahinnaindeksi asemel statistikaameti veebilehel vastu t\u00fchjus. Autor\/allikas: ERR<\/p>\n<p>Eelmisel aastal augustis <a href=\"https:\/\/www.err.ee\/1609779819\/statistikaamet-arvutasime-teise-kvartali-keskmise-kuupalga-valesti\" target=\"_blank\" rel=\"noopener nofollow\">avaldas statistikaamet<\/a> vigase teise kvartali Eesti palgastatistika. See juhtus ameti teatel vigase automaatse andmet\u00f6\u00f6tluse t\u00f5ttu, mis j\u00e4i ka ametnikel m\u00e4rkamata.<\/p>\n","protected":false},"excerpt":{"rendered":"Statistikaamet l\u00fckkas ootamatult edasi reede hommikule planeeritud uue metoodika alusel arvutatud tarbijahinnaindeksi jaanuarikuu andmete avaldamise. Statistikaamet v\u00f5ttis\u202falanud aastast\u00a0tarbijahinnaindeksi\u00a0(THI)\u00a0arvutamisel&hellip;\n","protected":false},"author":2,"featured_media":102021,"comment_status":"","ping_status":"","sticky":false,"template":"","format":"standard","meta":{"footnotes":"","_share_on_mastodon":"0"},"categories":[14],"tags":[131,130,37,33,35,3976,34,36,813,43,3722,6694,6488,16910],"class_list":["post-102020","post","type-post","status-publish","format-standard","has-post-thumbnail","category-ari","tag-ari","tag-business","tag-ee","tag-eesti","tag-eesti-keel","tag-elukallidus","tag-estonia","tag-estonian","tag-hinnad","tag-hinnatous","tag-inflatsioon","tag-tarbijahinnad","tag-tarbijahinnaindeks","tag-thi"],"share_on_mastodon":{"url":"https:\/\/pubeurope.com\/@ee\/116022313249979226","error":""},"_links":{"self":[{"href":"https:\/\/www.europesays.com\/ee\/wp-json\/wp\/v2\/posts\/102020","targetHints":{"allow":["GET"]}}],"collection":[{"href":"https:\/\/www.europesays.com\/ee\/wp-json\/wp\/v2\/posts"}],"about":[{"href":"https:\/\/www.europesays.com\/ee\/wp-json\/wp\/v2\/types\/post"}],"author":[{"embeddable":true,"href":"https:\/\/www.europesays.com\/ee\/wp-json\/wp\/v2\/users\/2"}],"replies":[{"embeddable":true,"href":"https:\/\/www.europesays.com\/ee\/wp-json\/wp\/v2\/comments?post=102020"}],"version-history":[{"count":0,"href":"https:\/\/www.europesays.com\/ee\/wp-json\/wp\/v2\/posts\/102020\/revisions"}],"wp:featuredmedia":[{"embeddable":true,"href":"https:\/\/www.europesays.com\/ee\/wp-json\/wp\/v2\/media\/102021"}],"wp:attachment":[{"href":"https:\/\/www.europesays.com\/ee\/wp-json\/wp\/v2\/media?parent=102020"}],"wp:term":[{"taxonomy":"category","embeddable":true,"href":"https:\/\/www.europesays.com\/ee\/wp-json\/wp\/v2\/categories?post=102020"},{"taxonomy":"post_tag","embeddable":true,"href":"https:\/\/www.europesays.com\/ee\/wp-json\/wp\/v2\/tags?post=102020"}],"curies":[{"name":"wp","href":"https:\/\/api.w.org\/{rel}","templated":true}]}}