{"id":102080,"date":"2026-02-06T08:15:06","date_gmt":"2026-02-06T08:15:06","guid":{"rendered":"https:\/\/www.europesays.com\/ee\/102080\/"},"modified":"2026-02-06T08:15:06","modified_gmt":"2026-02-06T08:15:06","slug":"ega-see-muidugi-heameelt-ei-tee-mikk-saar-teab-kes-tema-ja-tanja-mihhailova-lahkuminekust-meediale-raakis-2","status":"publish","type":"post","link":"https:\/\/www.europesays.com\/ee\/102080\/","title":{"rendered":"\u201eEga see muidugi heameelt ei tee&#8230;\u201c Mikk Saar teab, kes tema ja Tanja Mihhailova lahkuminekust meediale r\u00e4\u00e4kis"},"content":{"rendered":"<p><a rel=\"noopener follow nofollow\" target=\"_blank\" href=\"https:\/\/kroonika.delfi.ee\/artikkel\/120373907\/18-aastat-kestnud-armulugu-sai-lopu-mikk-saar-ja-tanja-mihhailova-saar-laksid-lahku\" data-rel-date-range=\"[]\">M\u00f6\u00f6dunud aasta mais kirjutas Kroonika<\/a>, et t\u00e4helepanelikud N\u00f5mme elanikud on m\u00e4rganud, et aastaid P\u00e4rnu maantee ja Sihi t\u00e4nava nurgal r\u00f5\u00f5msalt koos elanud abielupaar Saared on juba \u00fcle kuu aja liikunud eri radu. Oli teada, et Mikk on kolinud uude elamisse. \u201eOlen teda n\u00e4inud liikumas nii vabaajariietes kui ka esinemisriietega, seega k\u00e4ib ta siit ka ilmselt t\u00f6\u00f6l,\u201c pajatas Mikk Saare s\u00f5bralik naaber, kes ei soovinud oma nime ajakirjas avaldada. <\/p>\n<p>Mis tunne oli Mikul meediast lugeda, et naabrivalve t\u00f6\u00f6tab t\u00e4istuuridel? \u201eEks ma p\u00f5him\u00f5tteliselt tean ka, kes see oli. Selles m\u00f5ttes \u2013 mis ma teen. Kui on nii p\u00f5nev, siis on p\u00f5nev. Ega see muidugi heameelt ei tee, kui keegi sind niimoodi luurab. Kui hakatakse ikkagi kiivalt huvi tundma, kus sa k\u00f5nnid ja kellega sa k\u00f5nnid, mis sul seljas on, siis see on minu jaoks juba natuke liig. Aga eks see ole m\u00f5neti paratamatus, k\u00e4ib vist kaasas \u00fcle\u00fcldise huviga. Toob nii negatiivseid kui ka positiivseid hetki. \u00d5nneks on Eestis see negatiivne osa nii v\u00e4ike.\u201c<\/p>\n<p>Tanja Mihhailova ja Mikk Saare kooselu sai alguse 2007. aastal ning kohtumisloost r\u00e4\u00e4kides pole kumbki varjanud, et neid liitis kokku hea seks. Paar abiellus \u00fcheksa aastat hiljem v\u00e4ga romantiliselt: Itaalias Toscana maakonnas asuvas Podere Finerri villas, mis ongi spetsialiseerunud v\u00e4ikesele seltskonnale m\u00f5eldud pulmade korraldamisele. 2018. aastal s\u00fcndis paarile poeg Teodor (7), kellest t\u00e4naseks on sirgunud v\u00e4ike hurmur.<\/p>\n<p>Mis siis musterpaari abielule saatuslikuks sai, kumbki pool pole siiani avaldanud, aga on andnud aimu, et otsus lahku kolida ei tulnud \u00fcle\u00f6\u00f6, vaid erimeelsused olid k\u00fcpsenud pikemat aega. <\/p>\n<p>Esimesed m\u00e4rgid, et tuntud abielupaari suhtes v\u00f5ib olla midagi valesti, t\u00f5i avalikkuse ette Tanja eelmisel aastal ilmunud laul \u201eSinu s\u00f5nad\u201c, mis r\u00e4\u00e4gib sellest, kui palju v\u00f5imu on v\u00e4lja \u00f6eldud s\u00f5nadel.<\/p>\n<p>Kuidas see lugu Sind end tundma pani? Saada <a href=\"https:\/\/kroonika.delfi.ee\/artikkel\/120434359\/ega-see-muidugi-heameelt-ei-tee-mikk-saar-teab-kes-tema-ja-tanja-mihhailova-lahkuminekust-meediale-raakis\/kommentaarid\" class=\"article-body-bottom__comment article-body-bottom__comment--write button button--primary button--size-auto\" rel=\"nofollow noopener\" target=\"_blank\"> Kommenteeri <\/a><a href=\"https:\/\/kroonika.delfi.ee\/artikkel\/120434359\/ega-see-muidugi-heameelt-ei-tee-mikk-saar-teab-kes-tema-ja-tanja-mihhailova-lahkuminekust-meediale-raakis\/kommentaarid\" class=\"article-body-bottom__comment article-body-bottom__comment--read button button--size-auto\" rel=\"nofollow noopener\" target=\"_blank\"> Loe kommentaare <\/a><\/p>\n","protected":false},"excerpt":{"rendered":"M\u00f6\u00f6dunud aasta mais kirjutas Kroonika, et t\u00e4helepanelikud N\u00f5mme elanikud on m\u00e4rganud, et aastaid P\u00e4rnu maantee ja Sihi t\u00e4nava&hellip;\n","protected":false},"author":2,"featured_media":102072,"comment_status":"","ping_status":"","sticky":false,"template":"","format":"standard","meta":{"footnotes":"","_share_on_mastodon":"0"},"categories":[16],"tags":[37,33,35,173,34,36,140,4755,8120],"class_list":["post-102080","post","type-post","status-publish","format-standard","has-post-thumbnail","category-meelelahutus","tag-ee","tag-eesti","tag-eesti-keel","tag-entertainment","tag-estonia","tag-estonian","tag-meelelahutus","tag-mikk-saar","tag-tanja-mihhailova"],"share_on_mastodon":{"url":"https:\/\/pubeurope.com\/@ee\/116022694646364802","error":""},"_links":{"self":[{"href":"https:\/\/www.europesays.com\/ee\/wp-json\/wp\/v2\/posts\/102080","targetHints":{"allow":["GET"]}}],"collection":[{"href":"https:\/\/www.europesays.com\/ee\/wp-json\/wp\/v2\/posts"}],"about":[{"href":"https:\/\/www.europesays.com\/ee\/wp-json\/wp\/v2\/types\/post"}],"author":[{"embeddable":true,"href":"https:\/\/www.europesays.com\/ee\/wp-json\/wp\/v2\/users\/2"}],"replies":[{"embeddable":true,"href":"https:\/\/www.europesays.com\/ee\/wp-json\/wp\/v2\/comments?post=102080"}],"version-history":[{"count":0,"href":"https:\/\/www.europesays.com\/ee\/wp-json\/wp\/v2\/posts\/102080\/revisions"}],"wp:featuredmedia":[{"embeddable":true,"href":"https:\/\/www.europesays.com\/ee\/wp-json\/wp\/v2\/media\/102072"}],"wp:attachment":[{"href":"https:\/\/www.europesays.com\/ee\/wp-json\/wp\/v2\/media?parent=102080"}],"wp:term":[{"taxonomy":"category","embeddable":true,"href":"https:\/\/www.europesays.com\/ee\/wp-json\/wp\/v2\/categories?post=102080"},{"taxonomy":"post_tag","embeddable":true,"href":"https:\/\/www.europesays.com\/ee\/wp-json\/wp\/v2\/tags?post=102080"}],"curies":[{"name":"wp","href":"https:\/\/api.w.org\/{rel}","templated":true}]}}