{"id":102110,"date":"2026-02-06T09:04:06","date_gmt":"2026-02-06T09:04:06","guid":{"rendered":"https:\/\/www.europesays.com\/ee\/102110\/"},"modified":"2026-02-06T09:04:06","modified_gmt":"2026-02-06T09:04:06","slug":"hea-mark-itaalia-kurlingupaaril-katkes-vahetult-enne-eestiga-matsi-ulivoimas-seeria-postimees-sport","status":"publish","type":"post","link":"https:\/\/www.europesays.com\/ee\/102110\/","title":{"rendered":"Hea m\u00e4rk? Itaalia kurlingupaaril katkes vahetult enne Eestiga mat\u0161i \u00fcliv\u00f5imas seeria &#8211; Postimees Sport"},"content":{"rendered":"<ol>\n<li><a href=\"https:\/\/news.google.com\/rss\/articles\/CBMiugFBVV95cUxOX29xOVhEYzFQNTZsY0IwcXBfTEhZRE04ZkllNkhabU9nQUU5NVFBOUVtcUl1N0hJSXZZN1AxcXk4Vk9uYVZCclNjTnZoeUZleW9ZZVhMQXFHSWs2SDNlVTF2NFNWeUx6NWRlWWNmQk4tdlREb1Z1Mzg3UWFYdXo0cWdCaHlsa1hjcktwN1g4OHpyZTNNeWR5bGpYbkNqbHNhd0hxZzBLMzJ0Ykt4MjI4dTRCTVpoQS1aSkE?oc=5\" target=\"_blank\" rel=\"nofollow noopener\">Hea m\u00e4rk? Itaalia kurlingupaaril katkes vahetult enne Eestiga mat\u0161i \u00fcliv\u00f5imas seeria<\/a>&nbsp;&nbsp;Postimees Sport<\/li>\n<li><a href=\"https:\/\/news.google.com\/rss\/articles\/CBMirwFBVV95cUxPYkt4WU5nbk1PNktvV0JfSl9pclc3T3dUbXFiTm5RSzlYa3haRVVMcmU3d0czZXJCc095QUFSZ0VqdWwzeUl0cEFvclR6b1lpS1FuV2ZEYzlxTzltWGNiU1djOGFNQ2VLOTZ4TFNJVmEza3dVYlpJQ1JVaUw0NWJLMmpTTUdCQWRjU0ROVTJ5X1lzRzhEalY1QmI3RUkwUkxRWEFPTjhDS0pDNzhDNk84?oc=5\" target=\"_blank\" rel=\"nofollow noopener\">Tarmo Tiisler: kui oled spordireporteri veregrupiga, siis tahad teha otse\u00fclekandeid<\/a>&nbsp;&nbsp;ERR<\/li>\n<li><a href=\"https:\/\/news.google.com\/rss\/articles\/CBMioAFBVV95cUxNT1l5N2ZaTXZjdkhqTmswd0ZjQmhDU2p4andIZEdiSU56bTVwczRqX3JRM3Z1dGZkeVlYUHdpc3JFaWN6Q0U1b0VGZllucnNOTUd0cjFyNVF2UmRlQ2tPaGV3dXhDSnBIWWYtWkNTaDhJUGN0dlBaQTBrbVdTTzlQQTlBZDMwdWRYVFZkVnNYYmRFRjhyTU8wb0IzQW9MMExq?oc=5\" target=\"_blank\" rel=\"nofollow noopener\">Eestlaste ajakava (ja tulemused) Milano-Cortina ol\u00fcmpiam\u00e4ngudel<\/a>&nbsp;&nbsp;\u00d5htuleht<\/li>\n<li><a href=\"https:\/\/news.google.com\/rss\/articles\/CBMid0FVX3lxTFA5QzVMVVBvZU5WQWoybDRtZ1FTaTl3M2xHMHplN1hZUEhIbEl2bGQwYmQtUTE0SzZnbUJOZ0d2SVZfMjhvNWNLV2JaNXVKZmI5SHFIQms2LTZDSE4zV3RvRVVBZW52anptaFJiNklsRXFFa3BXSE5V?oc=5\" target=\"_blank\" rel=\"nofollow noopener\">Kes esindavad Eestit taliol\u00fcmpial?<\/a>&nbsp;&nbsp;Kanal 2<\/li>\n<li><a href=\"https:\/\/news.google.com\/rss\/articles\/CBMijwFBVV95cUxOc3lmVHRaMmdJR0oySi02TEpYNmZyTTRDbGtrUG1KQS03NnFfVGZCZ0tzSWRVZDVlbGNIT2dfeU9rWHNEcGJ2dU93d3lfb004ak5vRTlZZUlicjZUVUhQWElKZ0pqd3pLODZkeEZYaHM0VWZxaEZRc1h1UDlDUkxPWGp3NVhTckViRDVuMmhZMA?oc=5\" target=\"_blank\" rel=\"nofollow noopener\">GALERII \u27e9 Vaata, milline n\u00e4eb v\u00e4lja Milano ol\u00fcmpiak\u00fcla<\/a>&nbsp;&nbsp;Postimees Sport<\/li>\n<\/ol>\n","protected":false},"excerpt":{"rendered":"Hea m\u00e4rk? Itaalia kurlingupaaril katkes vahetult enne Eestiga mat\u0161i \u00fcliv\u00f5imas seeria&nbsp;&nbsp;Postimees Sport Tarmo Tiisler: kui oled spordireporteri veregrupiga,&hellip;\n","protected":false},"author":2,"featured_media":102111,"comment_status":"","ping_status":"","sticky":false,"template":"","format":"standard","meta":{"footnotes":""},"categories":[5],"tags":[587,48972,26,27,37,33,35,34,36,31,32,21,109,48737,1554,28,29,48738,3605,19,1437,25,48973,660,4588,23,24,116,22,20,30],"class_list":{"0":"post-102110","1":"post","2":"type-post","3":"status-publish","4":"format-standard","5":"has-post-thumbnail","7":"category-uldised-uudised","8":"tag-ameerika-uhendriigid","9":"tag-amos-mosaner","10":"tag-breaking-news","11":"tag-breakingnews","12":"tag-ee","13":"tag-eesti","14":"tag-eesti-keel","15":"tag-estonia","16":"tag-estonian","17":"tag-featured-news","18":"tag-featurednews","19":"tag-headlines","20":"tag-itaalia","21":"tag-kaldvee","22":"tag-kanada","23":"tag-latest-news","24":"tag-latestnews","25":"tag-lill","26":"tag-louna-korea","27":"tag-news","28":"tag-norra","29":"tag-populaarseimad-lood","30":"tag-stefania-constantini","31":"tag-suurbritannia","32":"tag-sveits","33":"tag-top-stories","34":"tag-topstories","35":"tag-tsehhi","36":"tag-uldised-uudised","37":"tag-uudised","38":"tag-viimased-uudised"},"share_on_mastodon":{"url":"https:\/\/pubeurope.com\/@ee\/116022887193539323","error":""},"_links":{"self":[{"href":"https:\/\/www.europesays.com\/ee\/wp-json\/wp\/v2\/posts\/102110","targetHints":{"allow":["GET"]}}],"collection":[{"href":"https:\/\/www.europesays.com\/ee\/wp-json\/wp\/v2\/posts"}],"about":[{"href":"https:\/\/www.europesays.com\/ee\/wp-json\/wp\/v2\/types\/post"}],"author":[{"embeddable":true,"href":"https:\/\/www.europesays.com\/ee\/wp-json\/wp\/v2\/users\/2"}],"replies":[{"embeddable":true,"href":"https:\/\/www.europesays.com\/ee\/wp-json\/wp\/v2\/comments?post=102110"}],"version-history":[{"count":0,"href":"https:\/\/www.europesays.com\/ee\/wp-json\/wp\/v2\/posts\/102110\/revisions"}],"wp:featuredmedia":[{"embeddable":true,"href":"https:\/\/www.europesays.com\/ee\/wp-json\/wp\/v2\/media\/102111"}],"wp:attachment":[{"href":"https:\/\/www.europesays.com\/ee\/wp-json\/wp\/v2\/media?parent=102110"}],"wp:term":[{"taxonomy":"category","embeddable":true,"href":"https:\/\/www.europesays.com\/ee\/wp-json\/wp\/v2\/categories?post=102110"},{"taxonomy":"post_tag","embeddable":true,"href":"https:\/\/www.europesays.com\/ee\/wp-json\/wp\/v2\/tags?post=102110"}],"curies":[{"name":"wp","href":"https:\/\/api.w.org\/{rel}","templated":true}]}}