{"id":102164,"date":"2026-02-06T10:18:13","date_gmt":"2026-02-06T10:18:13","guid":{"rendered":"https:\/\/www.europesays.com\/ee\/102164\/"},"modified":"2026-02-06T10:18:13","modified_gmt":"2026-02-06T10:18:13","slug":"seb-ai-investeeringud-on-kahtluse-all-metallid-otsivad-suunda-majandus","status":"publish","type":"post","link":"https:\/\/www.europesays.com\/ee\/102164\/","title":{"rendered":"SEB: AI investeeringud on kahtluse all, metallid otsivad suunda &#8211; Majandus"},"content":{"rendered":"<ol>\n<li><a href=\"https:\/\/news.google.com\/rss\/articles\/CBMioAFBVV95cUxNY1gtMHdwTVM1QVdRS0lnZWxUYXh1S19WV1gxMjNRWElBV29IY29BN2hMNDZPVmlzYXNTb0R6UUVmZVVLR3BHQWpxM2p3V0d4Y0hmN3pTVVRrYnhzYldvU1pISkZvR1pvUkw1b1ZiUDFFM1JUTEI3R0x5RGRLb1pMczZweTJqdkJZODlWZFpZTnB4SWpMMXEwZzlkNGVmQkhq?oc=5\" target=\"_blank\" rel=\"nofollow noopener\">SEB: AI investeeringud on kahtluse all, metallid otsivad suunda<\/a>&nbsp;&nbsp;Majandus<\/li>\n<li><a href=\"https:\/\/news.google.com\/rss\/articles\/CBMivgFBVV95cUxOUmpHXy1nUEhXVnMxa2VTV1dIUFBHa0pkSFhrTnQ5cUpWRjBkd2lTVkZPcnprOVYxU3RoNEVBVDJPemtkSDZSaGlBczhENWVEb2ozZ3k1cl82Ry11N2RnMldpZWpheG9kNUhLNmJHcFRFQUczSjJCenNLd3RLR0VScC05amIwOUJFblAwQzNkM1Z6bmRlVmpwZExreGJIRngxSTA1NXFNT1hhRlo1QjlvRDFGTkdRcmR0UGwtZ1NR?oc=5\" target=\"_blank\" rel=\"nofollow noopener\">B\u00f6rse kummitas j\u00e4tkuv ebakindlus, olulised aktsiad l\u00f5petasid p\u00e4eva languses<\/a>&nbsp;&nbsp;\u00c4rip\u00e4ev<\/li>\n<li><a href=\"https:\/\/news.google.com\/rss\/articles\/CBMi2AFBVV95cUxPenRVYVBqTjBiUU50U1NibmpOdHVTQVUyRDg5cHhtdVZrQ2FNZnRXQ2E1MHRXWTN3Y2kzVEs2S3YxdjJFbjFjNnF0QVRfNGdjdFVpcExQLU11MWhFckhqN0dOSl94N2JnVkVzS0h0V3BNVjlDQW9sOWE5d1lZRlhJM0U4anloTk1XVTRldHlkVUJfbmdQUzhneFpmS1JCd05mQUI3cFVicmxYblVKcE9NME5feVhkbjkzNmJLaE9KNzc1UVpDaFhTbzFObjZ0bEhKSngxT2FIUDg?oc=5\" target=\"_blank\" rel=\"nofollow noopener\">AI k\u00fclvab b\u00f6rsil paanikat. Tarkvarafirmade nagu Duolingo ja Pinteresti aktsiaid m\u00fc\u00fcakse valimatult<\/a>&nbsp;&nbsp;\u00c4rileht<\/li>\n<li><a href=\"https:\/\/news.google.com\/rss\/articles\/CBMinAFBVV95cUxOT3ZFMjEyejl6V1ZSQ3pEQzB2bTA5N2Y3dHRDaHJkQkhRazRGdE1nNHUycVNSQzZiMjNpV0tYMHhCYjhpNDgyLURwTlpBTkVJMnlRMDVYLTlTMXBNUWMwTDYtSkZzSUFhNVhCaWd4UkdMZk5xNDdYcF96WThSc3Nhd2ZBaHA1VzJOZEF3aWtpUUpXZWd1S2hMV2Fvc1I?oc=5\" target=\"_blank\" rel=\"nofollow noopener\">USA turg kukub taas. Tehnoloogiahiiud on surve all<\/a>&nbsp;&nbsp;\u00c4rip\u00e4ev<\/li>\n<li><a href=\"https:\/\/news.google.com\/rss\/articles\/CBMilwFBVV95cUxNbldhUzNYdjVrSFkyNnQ0QngwTkFIVG5NdjVvdEJoRXdSNEx1SlpLUlowZzVveHpOaWFIOG9VQ2IxeUVSRnI0b1JfSUR2dzBLU2xhZlZ4dGN1Y3ZKNEI3dE9hOFF0TEpFU1N3Y20yczBnSk1lS3VoT3lLVVJfcUVIOG9PWUtFNjFXWHJ6RlhiTE55U2tNQnlZ?oc=5\" target=\"_blank\" rel=\"nofollow noopener\">Uued AI-riistad raputasid aktsiaturult sadu miljardeid<\/a>&nbsp;&nbsp;Majandus<\/li>\n<\/ol>\n","protected":false},"excerpt":{"rendered":"SEB: AI investeeringud on kahtluse all, metallid otsivad suunda&nbsp;&nbsp;Majandus B\u00f6rse kummitas j\u00e4tkuv ebakindlus, olulised aktsiad l\u00f5petasid p\u00e4eva languses&nbsp;&nbsp;\u00c4rip\u00e4ev&hellip;\n","protected":false},"author":2,"featured_media":102165,"comment_status":"","ping_status":"","sticky":false,"template":"","format":"standard","meta":{"footnotes":"","_share_on_mastodon":"0"},"categories":[14],"tags":[48989,18219,131,130,37,33,35,2710,34,36,27782,6955,9515,8748,2709,16588],"class_list":["post-102164","post","type-post","status-publish","format-standard","has-post-thumbnail","category-ari","tag-ai-investeeringud","tag-andmekeskused","tag-ari","tag-business","tag-ee","tag-eesti","tag-eesti-keel","tag-erik-laur","tag-estonia","tag-estonian","tag-hobeda-hind","tag-intressimaarad","tag-kulla-hind","tag-nafta-hind","tag-seb","tag-tehnoloogiaaktsiad"],"share_on_mastodon":{"url":"https:\/\/pubeurope.com\/@ee\/116023178406163466","error":""},"_links":{"self":[{"href":"https:\/\/www.europesays.com\/ee\/wp-json\/wp\/v2\/posts\/102164","targetHints":{"allow":["GET"]}}],"collection":[{"href":"https:\/\/www.europesays.com\/ee\/wp-json\/wp\/v2\/posts"}],"about":[{"href":"https:\/\/www.europesays.com\/ee\/wp-json\/wp\/v2\/types\/post"}],"author":[{"embeddable":true,"href":"https:\/\/www.europesays.com\/ee\/wp-json\/wp\/v2\/users\/2"}],"replies":[{"embeddable":true,"href":"https:\/\/www.europesays.com\/ee\/wp-json\/wp\/v2\/comments?post=102164"}],"version-history":[{"count":0,"href":"https:\/\/www.europesays.com\/ee\/wp-json\/wp\/v2\/posts\/102164\/revisions"}],"wp:featuredmedia":[{"embeddable":true,"href":"https:\/\/www.europesays.com\/ee\/wp-json\/wp\/v2\/media\/102165"}],"wp:attachment":[{"href":"https:\/\/www.europesays.com\/ee\/wp-json\/wp\/v2\/media?parent=102164"}],"wp:term":[{"taxonomy":"category","embeddable":true,"href":"https:\/\/www.europesays.com\/ee\/wp-json\/wp\/v2\/categories?post=102164"},{"taxonomy":"post_tag","embeddable":true,"href":"https:\/\/www.europesays.com\/ee\/wp-json\/wp\/v2\/tags?post=102164"}],"curies":[{"name":"wp","href":"https:\/\/api.w.org\/{rel}","templated":true}]}}