{"id":102303,"date":"2026-02-06T13:14:22","date_gmt":"2026-02-06T13:14:22","guid":{"rendered":"https:\/\/www.europesays.com\/ee\/102303\/"},"modified":"2026-02-06T13:14:22","modified_gmt":"2026-02-06T13:14:22","slug":"milliste-ettevotete-raamatupidamist-mojutavad-enim-2026-aasta-eesti-finantsaruandluse-standardi-muudatused","status":"publish","type":"post","link":"https:\/\/www.europesays.com\/ee\/102303\/","title":{"rendered":"Milliste ettev\u00f5tete raamatupidamist m\u00f5jutavad enim 2026. aasta Eesti finantsaruandluse standardi muudatused?"},"content":{"rendered":"<p>        <img width=\"800\" height=\"450\" src=\"https:\/\/www.europesays.com\/ee\/wp-content\/uploads\/2026\/02\/b44407833ed1c2c45dc6206822e67e8f.jpg\" class=\"img-fluid wp-post-image\" alt=\"\" itemprop=\"thumbnailUrl\" data-zoom-src=\"https:\/\/www.europesays.com\/ee\/wp-content\/uploads\/2026\/02\/b44407833ed1c2c45dc6206822e67e8f.jpg\" decoding=\"async\" fetchpriority=\"high\"  \/><\/p>\n<p>  Konsultatsiooniettev\u00f5tte EY CFO Consultingu vanem juhtivkonsultant Baltikumis K\u00e4tlin Kallakas  Foto: EY  <\/p>\n<p>              PRO tellijale<\/p>\n<p>Sellest aastast j\u00f5ustuvad Eesti finantsaruandluse standardis muudatused, mis puudutavad paljusid Eesti ettev\u00f5tteid. Vaatame l\u00e4hemalt, millised on olulisemad sisulised uuendused ja mis tegevusvaldkondade ettev\u00f5tetele need enim m\u00f5ju avaldavad?<\/p>\n<p>Eestis m\u00e4\u00e4rab finantsarvestuse ja -aruandluse reeglid Raamatupidamise Toimkond, kes toetub rahvusvahelisele finantsaruandluse standardile v\u00e4ikestele ja keskmise suurusega ettev\u00f5tjatele (IFRS for SMEs). Ligi aasta tagasi, 2025. aasta veebruaris, avaldas standardi autor ehk Rahvusvahelise Raamatupidamise Standardite N\u00f5ukogu (IASB) standardi uuendatud tervikteksti.<\/p>\n<p>Ka Eesti Raamatupidamise Toimkond vaatas 2025. aasta jooksul <a href=\"https:\/\/rmp.geenius.ee\/uudised\/raamatupidamine-uudised\/eesti-finantsaruandluse-standard-uueneb-rtj-de-muudatused-avalikul-arutelul\/\" target=\"_blank\" rel=\"noreferrer noopener nofollow\">muudatused l\u00e4bi ja t\u00e4iendas vastavalt<\/a> ka Eesti finantsaruandluse standardit (EFS). Kuigi uuendused seisnevad peamiselt viidete ajakohastamises ja t\u00e4psustuste lisamises, sisaldavad mitmed juhendid ka sisulisi muudatusi, mis v\u00f5ivad ettev\u00f5tete arvestust ja avalikustamispraktikat m\u00e4rkimisv\u00e4\u00e4rselt m\u00f5jutada.<\/p>\n<p class=\"text-center haas small\">See lugu on PRO tellijatele.<\/p>\n<ul class=\"small pl-4\">\n<li>Ligip\u00e4\u00e4s PRO portaalidele (RMP, \u00c4ri, DigiPro, Rikas ja E-kaubandus).<\/li>\n<li>\u00dcle 2000 raamatupidaja t\u00f6\u00f6ks vajaliku jooksvalt ajakohastatud t\u00f6\u00f6riista, juhendi ja n\u00f5uande (sealhulgas \u00fcle 50 abitabeli).<\/li>\n<li class=\"WPT7ge\">RMP toimetuse <a href=\"https:\/\/rmp.geenius.ee\/koolituskalender\/valdkonnad\/koolitusfirmad\/rmp-eesti\/\" target=\"_blank\" rel=\"noopener nofollow\">korraldatud koolitustele<\/a> soodustus v\u00e4hemalt 25 eurot.<\/li>\n<li class=\"WPT7ge\">Ligip\u00e4\u00e4su Geeniuse seitsme teemaportaali tasulisele sisule.<\/li>\n<li class=\"WPT7ge\">Ajakirjade Autoleht, Autoleht Ekstra ja Digi artiklite lugemis\u00f5igust veebis.<\/li>\n<li class=\"WPT7ge\">Ajakirja Digi paberv\u00e4ljaannet. Selle saamiseks saada palun oma aadress aadressile <a href=\"https:\/\/rmp.geenius.ee\/cdn-cgi\/l\/email-protection\" class=\"__cf_email__\" data-cfemail=\"2e5a4b4242476e494b4b40475b5d004b4b\" rel=\"nofollow noopener\" target=\"_blank\">[email\u00a0protected]<\/a>. Paberajakirja saad tellida ainult Eesti aadressile.<\/li>\n<\/ul>\n<p class=\"text-center haas small pb-4 mb-0\">Soovid maksta arvega, teha hulgitellimuse v\u00f5i otsid teistsugust tellimust?<br \/>\n              <a href=\"https:\/\/rmp.geenius.ee\/tellimine\/\" rel=\"nofollow noopener\" target=\"_blank\">K\u00f5ik tellimisv\u00f5imalused leiad siit.<\/a>\n          <\/p>\n<p class=\"mb-2\">Telli finantsvaldkonna uudised oma postkasti! Kolmap\u00e4eviti saadetav RMP N\u00e4dalakiri sisaldab raamatupidamise, maksunduse ja t\u00f6\u00f6\u00f5iguse uudiseid, spetsialistide artikleid, seadusemuudatusi, n\u00f5uandeid jpm.<\/p>\n<p>                    <img width=\"400\" height=\"379\" src=\"https:\/\/www.europesays.com\/ee\/wp-content\/uploads\/2025\/11\/fb51a5997136b6a5e7241366060c27f8.jpg\" class=\"img-fluid align-self-center\" alt=\"\" decoding=\"async\" loading=\"lazy\"  \/><\/p>\n<p class=\"pais rmp\">Samal teemal<\/p>\n<p>          <a href=\"https:\/\/rmp.geenius.ee\/raamatupidamine\/rtj\/eesti-finantsaruandluse-standard-uueneb-rtj-de-muudatused-avalikul-arutelul\/\" rel=\"nofollow noopener\" target=\"_blank\"><\/p>\n<p>                <img width=\"360\" height=\"203\" src=\"https:\/\/www.europesays.com\/ee\/wp-content\/uploads\/2026\/01\/633dd6c088adf12646d2c5e249aca8e2-360x203.jpg\" class=\"img-fluid wp-post-image\" alt=\"\" itemprop=\"thumbnailUrl\" decoding=\"async\" loading=\"lazy\"  \/>              <\/p>\n<p>          <\/a><\/p>\n<p>          <a href=\"https:\/\/rmp.geenius.ee\/raamatupidamine\/terminid\/raamatupidamises-kasutatavad-moisted\/\" rel=\"nofollow noopener\" target=\"_blank\"><\/p>\n<p>                <img width=\"360\" height=\"203\" src=\"https:\/\/www.europesays.com\/ee\/wp-content\/uploads\/2026\/02\/116edb1ef675e70850e6c44e4429ccce-360x203.jpg\" class=\"img-fluid wp-post-image\" alt=\"\" itemprop=\"thumbnailUrl\" decoding=\"async\" loading=\"lazy\"  \/>              <\/p>\n<p>          <\/a><\/p>\n<p>          <a href=\"https:\/\/rmp.geenius.ee\/raamatupidamine\/raamatupidamine-yldiselt\/ifrs-18-kasutuselevotmisega-kaasnevad-muudatused-finantsaruandluses-ja-valjakutsed-standardi-rakendajatele\/\" rel=\"nofollow noopener\" target=\"_blank\"><\/p>\n<p>                <img width=\"360\" height=\"203\" src=\"https:\/\/www.europesays.com\/ee\/wp-content\/uploads\/2026\/02\/9b043f2a59808a8637a9a427d22b4eef-360x203.jpg\" class=\"img-fluid wp-post-image\" alt=\"IFRS 18 kasutuselev\u00f5tmisega kaasnevad muudatused finantsaruandluses\" itemprop=\"thumbnailUrl\" decoding=\"async\" loading=\"lazy\"  \/>              <\/p>\n<p>          <\/a><\/p>\n","protected":false},"excerpt":{"rendered":"Konsultatsiooniettev\u00f5tte EY CFO Consultingu vanem juhtivkonsultant Baltikumis K\u00e4tlin Kallakas Foto: EY PRO tellijale Sellest aastast j\u00f5ustuvad Eesti finantsaruandluse&hellip;\n","protected":false},"author":2,"featured_media":102304,"comment_status":"","ping_status":"","sticky":false,"template":"","format":"standard","meta":{"footnotes":"","_share_on_mastodon":"0"},"categories":[14],"tags":[131,130,37,33,49032,35,34,36,49033,49034,7459,49035,30649],"class_list":["post-102303","post","type-post","status-publish","format-standard","has-post-thumbnail","category-ari","tag-ari","tag-business","tag-ee","tag-eesti","tag-eesti-finantsaruandluse-standard","tag-eesti-keel","tag-estonia","tag-estonian","tag-hea-raamatupidamistava","tag-ifrs","tag-raamatupidamine","tag-raamatupidamisarvestus","tag-rtj"],"share_on_mastodon":{"url":"https:\/\/pubeurope.com\/@ee\/116023870400897729","error":""},"_links":{"self":[{"href":"https:\/\/www.europesays.com\/ee\/wp-json\/wp\/v2\/posts\/102303","targetHints":{"allow":["GET"]}}],"collection":[{"href":"https:\/\/www.europesays.com\/ee\/wp-json\/wp\/v2\/posts"}],"about":[{"href":"https:\/\/www.europesays.com\/ee\/wp-json\/wp\/v2\/types\/post"}],"author":[{"embeddable":true,"href":"https:\/\/www.europesays.com\/ee\/wp-json\/wp\/v2\/users\/2"}],"replies":[{"embeddable":true,"href":"https:\/\/www.europesays.com\/ee\/wp-json\/wp\/v2\/comments?post=102303"}],"version-history":[{"count":0,"href":"https:\/\/www.europesays.com\/ee\/wp-json\/wp\/v2\/posts\/102303\/revisions"}],"wp:featuredmedia":[{"embeddable":true,"href":"https:\/\/www.europesays.com\/ee\/wp-json\/wp\/v2\/media\/102304"}],"wp:attachment":[{"href":"https:\/\/www.europesays.com\/ee\/wp-json\/wp\/v2\/media?parent=102303"}],"wp:term":[{"taxonomy":"category","embeddable":true,"href":"https:\/\/www.europesays.com\/ee\/wp-json\/wp\/v2\/categories?post=102303"},{"taxonomy":"post_tag","embeddable":true,"href":"https:\/\/www.europesays.com\/ee\/wp-json\/wp\/v2\/tags?post=102303"}],"curies":[{"name":"wp","href":"https:\/\/api.w.org\/{rel}","templated":true}]}}