{"id":102319,"date":"2026-02-06T13:27:06","date_gmt":"2026-02-06T13:27:06","guid":{"rendered":"https:\/\/www.europesays.com\/ee\/102319\/"},"modified":"2026-02-06T13:27:06","modified_gmt":"2026-02-06T13:27:06","slug":"tervisekassa-on-valmis-kriisi-leevendamiseks-monele-haiglale-laste-vaimse-tervise-abiks-raha-juurde-andma","status":"publish","type":"post","link":"https:\/\/www.europesays.com\/ee\/102319\/","title":{"rendered":"Tervisekassa on valmis kriisi leevendamiseks m\u00f5nele haiglale laste vaimse tervise abiks raha juurde andma"},"content":{"rendered":"<p>Joller (Reformierakond) \u00fctles p\u00e4rast kohtumist, et Eestis on v\u00e4ga k\u00f5rgetasemeline abi ja spetsialistide s\u00f5nul on vaimse tervise teenuste k\u00e4ttesaadavus l\u00e4inud paremaks v\u00f5rreldes viimase 10-15 aastaga. Murekohti samas jagub.<\/p>\n<p>\u201eK\u00f5ik lapsed v\u00f5i ka t\u00e4iskasvanud, kellel on vaimse tervise mured, ei pea alati j\u00f5udma ps\u00fchhiaatri vastuv\u00f5tule. Ootus on k\u00fcll inimeste poolt suur, aga tegelikult saab vaimse tervise muresid lahendada v\u00e4ga erinevatel tasanditel \u2013 s\u00f5ltub sellest, kui suureks on mure juba l\u00e4inud, ja mida varem reageerida, seda lihtsamini saab ka abi,\u201c r\u00e4\u00e4kis Joller ning lisas, et kohtumisel r\u00e4\u00e4giti, kuidas laste puhul on v\u00e4ga oluline koolis toimuv.<\/p>\n<p>Oled juba tellija?Logi sisse<\/p>\n<p><a href=\"https:\/\/www.delfi.ee\/artikkel\/120434487\/tervisekassa-on-valmis-monele-haiglale-laste-vaimse-tervise-abiks-raha-juurde-andma\/kommentaarid\" class=\"article-body-bottom__comment article-body-bottom__comment--write button button--primary button--size-auto\" rel=\"nofollow noopener\" target=\"_blank\"> Kommenteeri <\/a><a href=\"https:\/\/www.delfi.ee\/artikkel\/120434487\/tervisekassa-on-valmis-monele-haiglale-laste-vaimse-tervise-abiks-raha-juurde-andma\/kommentaarid\" class=\"article-body-bottom__comment article-body-bottom__comment--read button button--size-auto\" rel=\"nofollow noopener\" target=\"_blank\"> Loe kommentaare (5)<\/a><\/p>\n","protected":false},"excerpt":{"rendered":"Joller (Reformierakond) \u00fctles p\u00e4rast kohtumist, et Eestis on v\u00e4ga k\u00f5rgetasemeline abi ja spetsialistide s\u00f5nul on vaimse tervise teenuste&hellip;\n","protected":false},"author":2,"featured_media":102320,"comment_status":"","ping_status":"","sticky":false,"template":"","format":"standard","meta":{"footnotes":"","_share_on_mastodon":"0"},"categories":[12],"tags":[26,27,37,33,35,34,36,31,32,21,1793,28,29,19,25,9906,23,24,22,20,30],"class_list":["post-102319","post","type-post","status-publish","format-standard","has-post-thumbnail","category-eesti","tag-breaking-news","tag-breakingnews","tag-ee","tag-eesti","tag-eesti-keel","tag-estonia","tag-estonian","tag-featured-news","tag-featurednews","tag-headlines","tag-karmen-joller","tag-latest-news","tag-latestnews","tag-news","tag-populaarseimad-lood","tag-psuhholoog","tag-top-stories","tag-topstories","tag-uldised-uudised","tag-uudised","tag-viimased-uudised"],"share_on_mastodon":{"url":"https:\/\/pubeurope.com\/@ee\/116023921423153252","error":""},"_links":{"self":[{"href":"https:\/\/www.europesays.com\/ee\/wp-json\/wp\/v2\/posts\/102319","targetHints":{"allow":["GET"]}}],"collection":[{"href":"https:\/\/www.europesays.com\/ee\/wp-json\/wp\/v2\/posts"}],"about":[{"href":"https:\/\/www.europesays.com\/ee\/wp-json\/wp\/v2\/types\/post"}],"author":[{"embeddable":true,"href":"https:\/\/www.europesays.com\/ee\/wp-json\/wp\/v2\/users\/2"}],"replies":[{"embeddable":true,"href":"https:\/\/www.europesays.com\/ee\/wp-json\/wp\/v2\/comments?post=102319"}],"version-history":[{"count":0,"href":"https:\/\/www.europesays.com\/ee\/wp-json\/wp\/v2\/posts\/102319\/revisions"}],"wp:featuredmedia":[{"embeddable":true,"href":"https:\/\/www.europesays.com\/ee\/wp-json\/wp\/v2\/media\/102320"}],"wp:attachment":[{"href":"https:\/\/www.europesays.com\/ee\/wp-json\/wp\/v2\/media?parent=102319"}],"wp:term":[{"taxonomy":"category","embeddable":true,"href":"https:\/\/www.europesays.com\/ee\/wp-json\/wp\/v2\/categories?post=102319"},{"taxonomy":"post_tag","embeddable":true,"href":"https:\/\/www.europesays.com\/ee\/wp-json\/wp\/v2\/tags?post=102319"}],"curies":[{"name":"wp","href":"https:\/\/api.w.org\/{rel}","templated":true}]}}