{"id":102393,"date":"2026-02-06T14:54:08","date_gmt":"2026-02-06T14:54:08","guid":{"rendered":"https:\/\/www.europesays.com\/ee\/102393\/"},"modified":"2026-02-06T14:54:08","modified_gmt":"2026-02-06T14:54:08","slug":"video-kasahhi-vene-koomik-peeti-moskva-lennujaamas-kinni-talle-seati-50-aastaks-venemaale-sisenemise-keeld","status":"publish","type":"post","link":"https:\/\/www.europesays.com\/ee\/102393\/","title":{"rendered":"VIDEO | Kasahhi-Vene koomik peeti Moskva lennujaamas kinni. Talle seati 50 aastaks Venemaale sisenemise keeld"},"content":{"rendered":"<p>Koomik Nurlan Saburov sai Venemaale sisenemise keelu. Keeld seati talle seet\u00f5ttu, et ta oli teinud kriitilisi avaldusi erioperatsiooni kohta ning rikkunud immigratsiooni- ja maksuseadusi. <\/p>\n<p>\u201eRiiki sisenemine on 50 aastaks keelatud,\u201c tsiteerivad paljud v\u00e4ljaanded Vene propagandaagentuuri RIA Novosti. Otsus tehti riigi julgeoleku ja seaduste j\u00e4rgimise huvides. <\/p>\n<p>Saburov peeti kinni Moskva Vnukovo lennujaama turvakontrollis ja tal keelati Venemaale siseneda. N\u00fc\u00fcd ei saa koomik lennata tagasi Dubaisse, kust ta Venemaale saabus, kuna tal pole piletiraha. Saburovi lennujaamas vahistamisest on avaldatud ka video.<\/p>\n<p>Saburov sai keelust teada alles Moskvasse saabudes. Videost on n\u00e4ha, kuidas v\u00f5imud koomikut eskordivad ja temaga vestlevad. <\/p>\n<p>\u201eEelmisel aastal rikkus p\u00fcstijalakoomik immigratsiooniseadusi, viibides Venemaa f\u00f6deratsioonis lubatud ajast kauem. Ta p\u00e4\u00e4ses trahviga. Talle anti riigist lahkumiseks aega kaks n\u00e4dalat ja seej\u00e4rel oleks ta saanud sinna uuesti seaduslikult siseneda,\u201c teatas Telegrami kanal Mash.<\/p>\n<p>2022. aasta aprillis sattus Saburov oma Ameerika \u00dchendriikide turnee ajal skandaali keskmesse. Suur osa publikust n\u00f5udis, et ta Ukrainas toimuva kohta s\u00f5na v\u00f5taks. Emt koomik keeldus sellest. Hiljem t\u00fchistati tema Iisraeli \u00fclesastumised. <\/p>\n<p>Mullu mais peeti Saburov kinni <a rel=\"noopener nofollow\" target=\"_blank\" href=\"https:\/\/www.delfi.ee\/teema\/65511440\/seremetjevo\" tag-id=\"65511440\">\u0160eremetjevo<\/a> lennujaamas. Talle m\u00e4\u00e4rati trahv ja teda sunniti Venemaalt lahkuma. <\/p>\n<p>Saburov on \u00fcks Venemaa menukamaid p\u00fcstijalakoomikuid ja YouTube\u2019i saate \u201eMis edasi sai?\u201c saatejuht.<\/p>\n<p>Kuidas see lugu Sind end tundma pani? Saada <a href=\"https:\/\/kroonika.delfi.ee\/artikkel\/120434428\/video-kasahhi-vene-koomik-peeti-moskva-lennujaamas-kinni-talle-seati-50-aastaks-venemaale-sisenemise-keeld\/kommentaarid\" class=\"article-body-bottom__comment article-body-bottom__comment--write button button--primary button--size-auto\" rel=\"nofollow noopener\" target=\"_blank\"> Kommenteeri <\/a><a href=\"https:\/\/kroonika.delfi.ee\/artikkel\/120434428\/video-kasahhi-vene-koomik-peeti-moskva-lennujaamas-kinni-talle-seati-50-aastaks-venemaale-sisenemise-keeld\/kommentaarid\" class=\"article-body-bottom__comment article-body-bottom__comment--read button button--size-auto\" rel=\"nofollow noopener\" target=\"_blank\"> Loe kommentaare <\/a><\/p>\n","protected":false},"excerpt":{"rendered":"Koomik Nurlan Saburov sai Venemaale sisenemise keelu. Keeld seati talle seet\u00f5ttu, et ta oli teinud kriitilisi avaldusi erioperatsiooni&hellip;\n","protected":false},"author":2,"featured_media":102394,"comment_status":"","ping_status":"","sticky":false,"template":"","format":"standard","meta":{"footnotes":"","_share_on_mastodon":"0"},"categories":[80],"tags":[26,27,37,33,35,34,36,31,32,21,28,29,95,19,25,15852,107,23,24,22,20,30,92,93,94],"class_list":["post-102393","post","type-post","status-publish","format-standard","has-post-thumbnail","category-maailm","tag-breaking-news","tag-breakingnews","tag-ee","tag-eesti","tag-eesti-keel","tag-estonia","tag-estonian","tag-featured-news","tag-featurednews","tag-headlines","tag-latest-news","tag-latestnews","tag-maailm","tag-news","tag-populaarseimad-lood","tag-seremetjevo","tag-soda-ukrainas","tag-top-stories","tag-topstories","tag-uldised-uudised","tag-uudised","tag-viimased-uudised","tag-world","tag-world-news","tag-worldnews"],"share_on_mastodon":{"url":"https:\/\/pubeurope.com\/@ee\/116024263522640907","error":""},"_links":{"self":[{"href":"https:\/\/www.europesays.com\/ee\/wp-json\/wp\/v2\/posts\/102393","targetHints":{"allow":["GET"]}}],"collection":[{"href":"https:\/\/www.europesays.com\/ee\/wp-json\/wp\/v2\/posts"}],"about":[{"href":"https:\/\/www.europesays.com\/ee\/wp-json\/wp\/v2\/types\/post"}],"author":[{"embeddable":true,"href":"https:\/\/www.europesays.com\/ee\/wp-json\/wp\/v2\/users\/2"}],"replies":[{"embeddable":true,"href":"https:\/\/www.europesays.com\/ee\/wp-json\/wp\/v2\/comments?post=102393"}],"version-history":[{"count":0,"href":"https:\/\/www.europesays.com\/ee\/wp-json\/wp\/v2\/posts\/102393\/revisions"}],"wp:featuredmedia":[{"embeddable":true,"href":"https:\/\/www.europesays.com\/ee\/wp-json\/wp\/v2\/media\/102394"}],"wp:attachment":[{"href":"https:\/\/www.europesays.com\/ee\/wp-json\/wp\/v2\/media?parent=102393"}],"wp:term":[{"taxonomy":"category","embeddable":true,"href":"https:\/\/www.europesays.com\/ee\/wp-json\/wp\/v2\/categories?post=102393"},{"taxonomy":"post_tag","embeddable":true,"href":"https:\/\/www.europesays.com\/ee\/wp-json\/wp\/v2\/tags?post=102393"}],"curies":[{"name":"wp","href":"https:\/\/api.w.org\/{rel}","templated":true}]}}