{"id":102424,"date":"2026-02-06T15:35:12","date_gmt":"2026-02-06T15:35:12","guid":{"rendered":"https:\/\/www.europesays.com\/ee\/102424\/"},"modified":"2026-02-06T15:35:12","modified_gmt":"2026-02-06T15:35:12","slug":"eplik-ja-randalu-tulevad-johvi-orkestriga","status":"publish","type":"post","link":"https:\/\/www.europesays.com\/ee\/102424\/","title":{"rendered":"Eplik ja Randalu tulevad J\u00f5hvi orkestriga"},"content":{"rendered":"<p>Seda kontserdisarja poleks v\u00f5ib-olla s\u00fcndinud, kui Kristjan Randalu poleks sattunud 2009. aastal kohvikus istudes juhuslikult kuulama Vaiko Epliku \u00e4sjailmunud neljandat albumit. Sellele j\u00e4rgnes telefonik\u00f5ne Vaikole, esmakordne kohtumine, esimesed \u00fchised albumid (&#8220;Koosk\u00f5la&#8221; 2010, &#8220;Lahkhelid&#8221; 2017) ning n\u00fc\u00fcdseks seitseteist aastat kestnud muusikaline s\u00f5prus.<\/p>\n<p>Praegust koost\u00f6\u00f6d \u00fches New Wind Jazz Orchestraga v\u00f5iks pidada k\u00f5ige varasema loogiliseks j\u00e4tkuks \u2212 kolmandaks vaatuseks, mastaapsemaks kui ei kunagi varem. Kristjan Randalu jaoks pole bigb\u00e4nd v\u00f5\u00f5ras. Lisaks osalemisele pianistina mitmetes koosseisudes Euroopas ja USAs on tal ilmunud autoriplaat koos New Wind Jazz Orchestraga (&#8220;Sisu&#8221; 2022).<\/p>\n<p>Vaiko Epliku s\u00f5nul on Kristjani l\u00e4henemine bigb\u00e4ndile mitte trafaretselt svingip\u00f5hine, vaid pigem s\u00fcmfooniline. &#8220;Ainus tunne, mida p\u00e4rast esimesi proove tunnen, on vaimustus! Ma t\u00f5esti olen proovide jooksul korduvalt tundnud k\u00fclmav\u00e4rinaid ja imestanud, mida k\u00f5ike on v\u00f5imalik selle koosseisuga teha. See on minu jaoks t\u00e4ielik kingitus, kohata oma muusikat t\u00e4iesti teises v\u00e4rvingus ja k\u00f5las.&#8221;<\/p>\n<p>Kristjan Randalu lisab, et bigb\u00e4ndi lisamine on talle l\u00f5puks ometi andnud v\u00f5imaluse p\u00f6\u00f6rduda Vaiko nende lugude poole, mida varem lihtsalt polnud v\u00f5imalik kahekesi esitada. &#8220;Ma tajusin, et m\u00f5ned laulud on nii gruuvi- v\u00f5i r\u00fctmip\u00f5hised, et kui see element \u00e4ra v\u00f5tta, siis kuidagi j\u00e4\u00e4b see h\u00f5redaks kahekesi esitades. Arvestades, et n\u00fc\u00fcd on meil olemas r\u00fctmigrupp ja lugematult uusi k\u00f5lav\u00e4rve, andis see k\u00f5ik uue t\u00f5uke.&#8221;<\/p>\n<p>Kontserdil k\u00f5lavad n\u00e4iteks &#8220;Kuningal on k\u00fclm&#8221;, &#8220;Ma olin teismeline libahunt&#8221; ja &#8220;Soorebased&#8221;.<\/p>\n","protected":false},"excerpt":{"rendered":"Seda kontserdisarja poleks v\u00f5ib-olla s\u00fcndinud, kui Kristjan Randalu poleks sattunud 2009. aastal kohvikus istudes juhuslikult kuulama Vaiko Epliku&hellip;\n","protected":false},"author":2,"featured_media":102425,"comment_status":"","ping_status":"","sticky":false,"template":"","format":"standard","meta":{"footnotes":"","_share_on_mastodon":"0"},"categories":[16],"tags":[37,33,35,173,34,36,49105,140,49106,550],"class_list":["post-102424","post","type-post","status-publish","format-standard","has-post-thumbnail","category-meelelahutus","tag-ee","tag-eesti","tag-eesti-keel","tag-entertainment","tag-estonia","tag-estonian","tag-kristjan-randalu","tag-meelelahutus","tag-new-wind-jazz-orchestra","tag-vaiko-eplik"],"share_on_mastodon":{"url":"https:\/\/pubeurope.com\/@ee\/116024424752494992","error":""},"_links":{"self":[{"href":"https:\/\/www.europesays.com\/ee\/wp-json\/wp\/v2\/posts\/102424","targetHints":{"allow":["GET"]}}],"collection":[{"href":"https:\/\/www.europesays.com\/ee\/wp-json\/wp\/v2\/posts"}],"about":[{"href":"https:\/\/www.europesays.com\/ee\/wp-json\/wp\/v2\/types\/post"}],"author":[{"embeddable":true,"href":"https:\/\/www.europesays.com\/ee\/wp-json\/wp\/v2\/users\/2"}],"replies":[{"embeddable":true,"href":"https:\/\/www.europesays.com\/ee\/wp-json\/wp\/v2\/comments?post=102424"}],"version-history":[{"count":0,"href":"https:\/\/www.europesays.com\/ee\/wp-json\/wp\/v2\/posts\/102424\/revisions"}],"wp:featuredmedia":[{"embeddable":true,"href":"https:\/\/www.europesays.com\/ee\/wp-json\/wp\/v2\/media\/102425"}],"wp:attachment":[{"href":"https:\/\/www.europesays.com\/ee\/wp-json\/wp\/v2\/media?parent=102424"}],"wp:term":[{"taxonomy":"category","embeddable":true,"href":"https:\/\/www.europesays.com\/ee\/wp-json\/wp\/v2\/categories?post=102424"},{"taxonomy":"post_tag","embeddable":true,"href":"https:\/\/www.europesays.com\/ee\/wp-json\/wp\/v2\/tags?post=102424"}],"curies":[{"name":"wp","href":"https:\/\/api.w.org\/{rel}","templated":true}]}}