{"id":102525,"date":"2026-02-06T18:22:15","date_gmt":"2026-02-06T18:22:15","guid":{"rendered":"https:\/\/www.europesays.com\/ee\/102525\/"},"modified":"2026-02-06T18:22:15","modified_gmt":"2026-02-06T18:22:15","slug":"bitcoin-voib-olla-sisenenud-surmaspiraali","status":"publish","type":"post","link":"https:\/\/www.europesays.com\/ee\/102525\/","title":{"rendered":"Bitcoin v\u00f5ib olla sisenenud surmaspiraali"},"content":{"rendered":"<p>USA kinnisvarakrahhi ette n\u00e4inud investor Michael Burry v\u00f5rdleb n\u00fc\u00fcd oma toonast panustamist kinnisvaraturu langusele vastupanustamisega Bitcoin&#8217;ile. Tema hinnangul on kr\u00fcptoturg j\u00f5udnud punkti, kus hinnaliikumisi ei juhi enam lootus ega tehnoloogia, vaid sundm\u00fc\u00fcgid ja kahjumid.<\/p>\n<p>Kas Bitcoin&#8217;i v\u00f5imalik &#8220;surmaspiraal&#8221; j\u00e4\u00e4b pelgalt kr\u00fcptomaailma sisemiseks draamaks v\u00f5i \u00e4hvardab see nakatada ka muud turud, alates kaevandajatest kuni v\u00e4\u00e4rismetallideni?<\/p>\n","protected":false},"excerpt":{"rendered":"USA kinnisvarakrahhi ette n\u00e4inud investor Michael Burry v\u00f5rdleb n\u00fc\u00fcd oma toonast panustamist kinnisvaraturu langusele vastupanustamisega Bitcoin&#8217;ile. Tema hinnangul&hellip;\n","protected":false},"author":2,"featured_media":102526,"comment_status":"","ping_status":"","sticky":false,"template":"","format":"standard","meta":{"footnotes":"","_share_on_mastodon":"0"},"categories":[14],"tags":[131,2307,130,37,33,35,34,36,11501,4134,49160,3586,49159,41348],"class_list":["post-102525","post","type-post","status-publish","format-standard","has-post-thumbnail","category-ari","tag-ari","tag-bitcoin","tag-business","tag-ee","tag-eesti","tag-eesti-keel","tag-estonia","tag-estonian","tag-hobe","tag-krahh","tag-kruptoraha-krahh","tag-kuld","tag-michael-burry","tag-riskijuhtimine"],"share_on_mastodon":{"url":"https:\/\/pubeurope.com\/@ee\/116025081431068838","error":""},"_links":{"self":[{"href":"https:\/\/www.europesays.com\/ee\/wp-json\/wp\/v2\/posts\/102525","targetHints":{"allow":["GET"]}}],"collection":[{"href":"https:\/\/www.europesays.com\/ee\/wp-json\/wp\/v2\/posts"}],"about":[{"href":"https:\/\/www.europesays.com\/ee\/wp-json\/wp\/v2\/types\/post"}],"author":[{"embeddable":true,"href":"https:\/\/www.europesays.com\/ee\/wp-json\/wp\/v2\/users\/2"}],"replies":[{"embeddable":true,"href":"https:\/\/www.europesays.com\/ee\/wp-json\/wp\/v2\/comments?post=102525"}],"version-history":[{"count":0,"href":"https:\/\/www.europesays.com\/ee\/wp-json\/wp\/v2\/posts\/102525\/revisions"}],"wp:featuredmedia":[{"embeddable":true,"href":"https:\/\/www.europesays.com\/ee\/wp-json\/wp\/v2\/media\/102526"}],"wp:attachment":[{"href":"https:\/\/www.europesays.com\/ee\/wp-json\/wp\/v2\/media?parent=102525"}],"wp:term":[{"taxonomy":"category","embeddable":true,"href":"https:\/\/www.europesays.com\/ee\/wp-json\/wp\/v2\/categories?post=102525"},{"taxonomy":"post_tag","embeddable":true,"href":"https:\/\/www.europesays.com\/ee\/wp-json\/wp\/v2\/tags?post=102525"}],"curies":[{"name":"wp","href":"https:\/\/api.w.org\/{rel}","templated":true}]}}