{"id":102531,"date":"2026-02-06T18:43:08","date_gmt":"2026-02-06T18:43:08","guid":{"rendered":"https:\/\/www.europesays.com\/ee\/102531\/"},"modified":"2026-02-06T18:43:08","modified_gmt":"2026-02-06T18:43:08","slug":"galerii-%e2%9f%a9-jalgpallihalli-rajamise-plaanilt-puhiti-tolm","status":"publish","type":"post","link":"https:\/\/www.europesays.com\/ee\/102531\/","title":{"rendered":"GALERII \u27e9 Jalgpallihalli rajamise plaanilt p\u00fchiti tolm"},"content":{"rendered":"<p>V\u00f5rru plaanitava jalgpallihalli ehitamiseks tuleb k\u00f5igepealt leida sobiv asukoht, \u00fctles Eesti jalgpalliliidu president Aivar Pohlak neljap\u00e4eval p\u00e4rast kohtumist V\u00f5ru linna ja valla ning kohaliku jalgpalliklubi FC Helios juhtidega.<\/p>\n<p>\u00abPanime paika plaani, kuidas V\u00f5ru jalgpallihalliga edasi liikuda,\u00bb kirjeldas Pohlak kohtumist. \u00abEsimene samm on, et linn ja vald valivad koost\u00f6\u00f6s klubiga v\u00e4lja hallile sobiva asukoha.\u00bb<\/p>\n","protected":false},"excerpt":{"rendered":"V\u00f5rru plaanitava jalgpallihalli ehitamiseks tuleb k\u00f5igepealt leida sobiv asukoht, \u00fctles Eesti jalgpalliliidu president Aivar Pohlak neljap\u00e4eval p\u00e4rast kohtumist&hellip;\n","protected":false},"author":2,"featured_media":102532,"comment_status":"","ping_status":"","sticky":false,"template":"","format":"standard","meta":{"footnotes":"","_share_on_mastodon":"0"},"categories":[18],"tags":[430,37,33,2246,35,34,36,12785,10757,159,158,12786],"class_list":["post-102531","post","type-post","status-publish","format-standard","has-post-thumbnail","category-sport","tag-aivar-pohlak","tag-ee","tag-eesti","tag-eesti-jalgpalli-liit","tag-eesti-keel","tag-estonia","tag-estonian","tag-jalgpallihallid","tag-kalvi-kova","tag-sport","tag-sports","tag-voru-fc-helios"],"share_on_mastodon":{"url":"https:\/\/pubeurope.com\/@ee\/116025163977572025","error":""},"_links":{"self":[{"href":"https:\/\/www.europesays.com\/ee\/wp-json\/wp\/v2\/posts\/102531","targetHints":{"allow":["GET"]}}],"collection":[{"href":"https:\/\/www.europesays.com\/ee\/wp-json\/wp\/v2\/posts"}],"about":[{"href":"https:\/\/www.europesays.com\/ee\/wp-json\/wp\/v2\/types\/post"}],"author":[{"embeddable":true,"href":"https:\/\/www.europesays.com\/ee\/wp-json\/wp\/v2\/users\/2"}],"replies":[{"embeddable":true,"href":"https:\/\/www.europesays.com\/ee\/wp-json\/wp\/v2\/comments?post=102531"}],"version-history":[{"count":0,"href":"https:\/\/www.europesays.com\/ee\/wp-json\/wp\/v2\/posts\/102531\/revisions"}],"wp:featuredmedia":[{"embeddable":true,"href":"https:\/\/www.europesays.com\/ee\/wp-json\/wp\/v2\/media\/102532"}],"wp:attachment":[{"href":"https:\/\/www.europesays.com\/ee\/wp-json\/wp\/v2\/media?parent=102531"}],"wp:term":[{"taxonomy":"category","embeddable":true,"href":"https:\/\/www.europesays.com\/ee\/wp-json\/wp\/v2\/categories?post=102531"},{"taxonomy":"post_tag","embeddable":true,"href":"https:\/\/www.europesays.com\/ee\/wp-json\/wp\/v2\/tags?post=102531"}],"curies":[{"name":"wp","href":"https:\/\/api.w.org\/{rel}","templated":true}]}}