{"id":102706,"date":"2026-02-07T04:06:06","date_gmt":"2026-02-07T04:06:06","guid":{"rendered":"https:\/\/www.europesays.com\/ee\/102706\/"},"modified":"2026-02-07T04:06:06","modified_gmt":"2026-02-07T04:06:06","slug":"persoon-%e2%9f%a9-priit-tamperel-jai-haigla-ehitamise-parast-umber-ilma-purjetamata","status":"publish","type":"post","link":"https:\/\/www.europesays.com\/ee\/102706\/","title":{"rendered":"PERSOON \u27e9 Priit Tamperel j\u00e4i haigla ehitamise p\u00e4rast \u00fcmber ilma purjetamata"},"content":{"rendered":"<p>Kui kujutleda Tamperet oma praegusest kabinetist kesklinnas uhkes\u00a0Tervikumis v\u00e4lja vaatamas enne Eesti euroalaga liitumist, n\u00e4eks ta \u200b4 miljoni krooni eest korrastatud turuplatsi.\u200b\u00a0Eurodes teeb see 255 648 eurot. Toona oli aga praeguse Tervikumi asemel \u00f5unaaed. Uue haiglahoone rajamisest hakati r\u00e4\u00e4kima juba l\u00e4inud sajandil haigla \u00fcle-eelmise juhi Viktor Sarapuu aegadel, kuid tegelikkuseks hakkas see saama siis, kui Priit Tamperest 2012. aastal haigla juht sai.<\/p>\n","protected":false},"excerpt":{"rendered":"Kui kujutleda Tamperet oma praegusest kabinetist kesklinnas uhkes\u00a0Tervikumis v\u00e4lja vaatamas enne Eesti euroalaga liitumist, n\u00e4eks ta \u200b4 miljoni&hellip;\n","protected":false},"author":2,"featured_media":102707,"comment_status":"","ping_status":"","sticky":false,"template":"","format":"standard","meta":{"footnotes":"","_share_on_mastodon":"0"},"categories":[80],"tags":[44617,26,27,37,33,35,34,36,31,32,21,28,29,95,19,25,4458,1457,23,24,22,20,49234,30,1782,92,93,94],"class_list":["post-102706","post","type-post","status-publish","format-standard","has-post-thumbnail","category-maailm","tag-aastapreemia","tag-breaking-news","tag-breakingnews","tag-ee","tag-eesti","tag-eesti-keel","tag-estonia","tag-estonian","tag-featured-news","tag-featurednews","tag-headlines","tag-latest-news","tag-latestnews","tag-maailm","tag-news","tag-populaarseimad-lood","tag-priit-tampere","tag-tervikum","tag-top-stories","tag-topstories","tag-uldised-uudised","tag-uudised","tag-vapimark","tag-viimased-uudised","tag-viljandi-haigla","tag-world","tag-world-news","tag-worldnews"],"share_on_mastodon":{"url":"https:\/\/pubeurope.com\/@ee\/116027377730344385","error":""},"_links":{"self":[{"href":"https:\/\/www.europesays.com\/ee\/wp-json\/wp\/v2\/posts\/102706","targetHints":{"allow":["GET"]}}],"collection":[{"href":"https:\/\/www.europesays.com\/ee\/wp-json\/wp\/v2\/posts"}],"about":[{"href":"https:\/\/www.europesays.com\/ee\/wp-json\/wp\/v2\/types\/post"}],"author":[{"embeddable":true,"href":"https:\/\/www.europesays.com\/ee\/wp-json\/wp\/v2\/users\/2"}],"replies":[{"embeddable":true,"href":"https:\/\/www.europesays.com\/ee\/wp-json\/wp\/v2\/comments?post=102706"}],"version-history":[{"count":0,"href":"https:\/\/www.europesays.com\/ee\/wp-json\/wp\/v2\/posts\/102706\/revisions"}],"wp:featuredmedia":[{"embeddable":true,"href":"https:\/\/www.europesays.com\/ee\/wp-json\/wp\/v2\/media\/102707"}],"wp:attachment":[{"href":"https:\/\/www.europesays.com\/ee\/wp-json\/wp\/v2\/media?parent=102706"}],"wp:term":[{"taxonomy":"category","embeddable":true,"href":"https:\/\/www.europesays.com\/ee\/wp-json\/wp\/v2\/categories?post=102706"},{"taxonomy":"post_tag","embeddable":true,"href":"https:\/\/www.europesays.com\/ee\/wp-json\/wp\/v2\/tags?post=102706"}],"curies":[{"name":"wp","href":"https:\/\/api.w.org\/{rel}","templated":true}]}}