{"id":102735,"date":"2026-02-07T06:18:06","date_gmt":"2026-02-07T06:18:06","guid":{"rendered":"https:\/\/www.europesays.com\/ee\/102735\/"},"modified":"2026-02-07T06:18:06","modified_gmt":"2026-02-07T06:18:06","slug":"leedu-roheaktivist-pogenes-emalt-roovitud-lapsega-venemaale-aga-ka-seal-peeti-teda-liiga-imelikuks","status":"publish","type":"post","link":"https:\/\/www.europesays.com\/ee\/102735\/","title":{"rendered":"Leedu roheaktivist p\u00f5genes emalt r\u00f6\u00f6vitud lapsega Venemaale, aga ka seal peeti teda liiga imelikuks"},"content":{"rendered":"<p>2023. aasta s\u00fcgisel jahmatas Leedut erakordne lugu. Staa\u017eikas keskkonnakaitsja Algirdas \u0160vanys v\u00f5ttis oma v\u00e4ikese lapse tolle ema teadmata kaasa, istus kummipaati ja s\u00f5itis \u00fcle Skirvyt\u0117 j\u00f5e <a rel=\"noopener nofollow\" target=\"_blank\" href=\"https:\/\/www.delfi.ee\/teema\/62354070\/kaliningrad\" tag-id=\"62354070\">Kaliningradi<\/a> oblastisse. Varsti selgus, et \u0160vanys on Vene \u201evaimsust\u201c \u00fclistava Anastassija liikumise radikaalse tiiva esindaja. Anastassijat juhtiv guru <a rel=\"noopener nofollow\" target=\"_blank\" href=\"https:\/\/www.delfi.ee\/teema\/72163567\/vladimir-megre\" tag-id=\"72163567\">Vladimir Megre<\/a> ja liikumise Leedus tegutsevad j\u00fcngrid toetavad avalikult Kremli re\u017eiimi ja \u00fclistavad Vladimir Putinit.<\/p>\n<p>R\u00f6\u00f6vitud t\u00fctrega Venemaale pagenud \u0160vanys arvas, et on j\u00f5udnud kauaoodatud oaasi, mis on t\u00e4is tema poolt armastatud slaavi vaimsust. L\u00f5puks andsid Vene v\u00f5imud \u00fcheksakuuse imiku siiski emale tagasi. Lugu leidis hiljuti j\u00e4tku Kaunase ringkonnakohtus.<\/p>\n<p>Oled juba tellija?Logi sisse<\/p>\n<p><a href=\"https:\/\/www.delfi.ee\/artikkel\/120434205\/leedu-roheaktivist-pogenes-emalt-roovitud-lapsega-venemaale-aga-ka-seal-peeti-teda-liiga-imelikuks\/kommentaarid\" class=\"article-body-bottom__comment article-body-bottom__comment--write button button--primary button--size-auto\" rel=\"nofollow noopener\" target=\"_blank\"> Kommenteeri <\/a><a href=\"https:\/\/www.delfi.ee\/artikkel\/120434205\/leedu-roheaktivist-pogenes-emalt-roovitud-lapsega-venemaale-aga-ka-seal-peeti-teda-liiga-imelikuks\/kommentaarid\" class=\"article-body-bottom__comment article-body-bottom__comment--read button button--size-auto\" rel=\"nofollow noopener\" target=\"_blank\"> Loe kommentaare <\/a><\/p>\n","protected":false},"excerpt":{"rendered":"2023. aasta s\u00fcgisel jahmatas Leedut erakordne lugu. Staa\u017eikas keskkonnakaitsja Algirdas \u0160vanys v\u00f5ttis oma v\u00e4ikese lapse tolle ema teadmata&hellip;\n","protected":false},"author":2,"featured_media":102736,"comment_status":"","ping_status":"","sticky":false,"template":"","format":"standard","meta":{"footnotes":"","_share_on_mastodon":"0"},"categories":[80],"tags":[26,27,37,33,35,34,36,31,32,21,14037,1960,28,29,115,95,19,25,49258,23,24,22,20,96,30,49257,92,93,94],"class_list":["post-102735","post","type-post","status-publish","format-standard","has-post-thumbnail","category-maailm","tag-breaking-news","tag-breakingnews","tag-ee","tag-eesti","tag-eesti-keel","tag-estonia","tag-estonian","tag-featured-news","tag-featurednews","tag-headlines","tag-kaliningrad","tag-klaipeda","tag-latest-news","tag-latestnews","tag-leedu","tag-maailm","tag-news","tag-populaarseimad-lood","tag-sektijuht","tag-top-stories","tag-topstories","tag-uldised-uudised","tag-uudised","tag-venemaa","tag-viimased-uudised","tag-vladimir-megre","tag-world","tag-world-news","tag-worldnews"],"share_on_mastodon":{"url":"https:\/\/pubeurope.com\/@ee\/116027896784812066","error":""},"_links":{"self":[{"href":"https:\/\/www.europesays.com\/ee\/wp-json\/wp\/v2\/posts\/102735","targetHints":{"allow":["GET"]}}],"collection":[{"href":"https:\/\/www.europesays.com\/ee\/wp-json\/wp\/v2\/posts"}],"about":[{"href":"https:\/\/www.europesays.com\/ee\/wp-json\/wp\/v2\/types\/post"}],"author":[{"embeddable":true,"href":"https:\/\/www.europesays.com\/ee\/wp-json\/wp\/v2\/users\/2"}],"replies":[{"embeddable":true,"href":"https:\/\/www.europesays.com\/ee\/wp-json\/wp\/v2\/comments?post=102735"}],"version-history":[{"count":0,"href":"https:\/\/www.europesays.com\/ee\/wp-json\/wp\/v2\/posts\/102735\/revisions"}],"wp:featuredmedia":[{"embeddable":true,"href":"https:\/\/www.europesays.com\/ee\/wp-json\/wp\/v2\/media\/102736"}],"wp:attachment":[{"href":"https:\/\/www.europesays.com\/ee\/wp-json\/wp\/v2\/media?parent=102735"}],"wp:term":[{"taxonomy":"category","embeddable":true,"href":"https:\/\/www.europesays.com\/ee\/wp-json\/wp\/v2\/categories?post=102735"},{"taxonomy":"post_tag","embeddable":true,"href":"https:\/\/www.europesays.com\/ee\/wp-json\/wp\/v2\/tags?post=102735"}],"curies":[{"name":"wp","href":"https:\/\/api.w.org\/{rel}","templated":true}]}}