{"id":102783,"date":"2026-02-07T07:40:10","date_gmt":"2026-02-07T07:40:10","guid":{"rendered":"https:\/\/www.europesays.com\/ee\/102783\/"},"modified":"2026-02-07T07:40:10","modified_gmt":"2026-02-07T07:40:10","slug":"viis-paeva-karkudega-komberdamist-ja-25-paeva-toas-pusimist","status":"publish","type":"post","link":"https:\/\/www.europesays.com\/ee\/102783\/","title":{"rendered":"viis p\u00e4eva karkudega komberdamist ja 25 p\u00e4eva toas p\u00fcsimist"},"content":{"rendered":"<p>Facebooki tehtud postituses kirjutab Ehin, kuidas ta kuu aega tagasi oli P\u00e4rnus bussi pealt maha astudes \u00f5nnetult oma h\u00fcppeliigest vigastanud. \u00ab\u00dcks samm, siis EMO, siis viis p\u00e4eva karkudega komberdamist ja edasi 25 p\u00e4eva lonkamist ja toas p\u00fcsimist. N\u00fc\u00fcd olen k\u00e4inud esimesed tiirud linna peal. Valus on, aga liikuda on siiski m\u00f5nus!\u00bb<\/p>\n<p>Ehin m\u00e4rkis, et veetis vahepealse aja kodus ja vaatas tundide kaupa v\u00e4lja k\u00f5ikidest kodu akendest. Samuti on ta joonistanud, kirjutanud, m\u00f5elnud ja kahelnud.<\/p>\n<p>Ta meenutas postituses ka eelmise aasta l\u00f5pus raamatupoe ees aset leidnud olukorda, kui temaga tuli keset raamatum\u00fc\u00fcki r\u00e4\u00e4kima vana mustlasnaine, kes jagas \u00f5petuss\u00f5nu, kuidas h\u00e4sti kirjutada.<\/p>\n<p>Sel ajal, kui Kristiina \u00f5petust vaagis, s\u00fcndis tal hoopiski \u00fcks armastuslugu. \u00ab\u00d5igemini laul ja see on tehtud koos Silveriga. Kui oled poolvigane ja istud kodus, j\u00f5uab t\u00e4ie selgusega kohale, kui kallid on l\u00e4hedased inimesed. Ootad neid koju. T\u00e4nad jumalat, et mees on sinu k\u00f5rval, avastad sahtleid sorteerides m\u00f5ne tema noodi v\u00f5i laulusalmi. \u00d5pid teda nagu uuesti tundma. Oled t\u00e4nulik lihtsate hubaste hetkede eest \u2013 lumes\u00e4tenduse, kitarrihelide, t\u00e4iskuuvalguse, praksuva ahju, korstnasuitsu, hommikuse p\u00e4ikse, ahjukartulite ja sooja s\u00f5na eest,\u00bb m\u00e4rkis Ehin.<\/p>\n","protected":false},"excerpt":{"rendered":"Facebooki tehtud postituses kirjutab Ehin, kuidas ta kuu aega tagasi oli P\u00e4rnus bussi pealt maha astudes \u00f5nnetult oma&hellip;\n","protected":false},"author":2,"featured_media":102784,"comment_status":"","ping_status":"","sticky":false,"template":"","format":"standard","meta":{"footnotes":"","_share_on_mastodon":"0"},"categories":[12],"tags":[49305,26,27,37,33,35,565,34,36,31,32,21,28,29,19,25,14987,23,24,22,20,49304,30],"class_list":["post-102783","post","type-post","status-publish","format-standard","has-post-thumbnail","category-eesti","tag-armastuslugu","tag-breaking-news","tag-breakingnews","tag-ee","tag-eesti","tag-eesti-keel","tag-emo","tag-estonia","tag-estonian","tag-featured-news","tag-featurednews","tag-headlines","tag-latest-news","tag-latestnews","tag-news","tag-populaarseimad-lood","tag-silver","tag-top-stories","tag-topstories","tag-uldised-uudised","tag-uudised","tag-vana-mustlasnaine","tag-viimased-uudised"],"share_on_mastodon":{"url":"https:\/\/pubeurope.com\/@ee\/116028219212260763","error":""},"_links":{"self":[{"href":"https:\/\/www.europesays.com\/ee\/wp-json\/wp\/v2\/posts\/102783","targetHints":{"allow":["GET"]}}],"collection":[{"href":"https:\/\/www.europesays.com\/ee\/wp-json\/wp\/v2\/posts"}],"about":[{"href":"https:\/\/www.europesays.com\/ee\/wp-json\/wp\/v2\/types\/post"}],"author":[{"embeddable":true,"href":"https:\/\/www.europesays.com\/ee\/wp-json\/wp\/v2\/users\/2"}],"replies":[{"embeddable":true,"href":"https:\/\/www.europesays.com\/ee\/wp-json\/wp\/v2\/comments?post=102783"}],"version-history":[{"count":0,"href":"https:\/\/www.europesays.com\/ee\/wp-json\/wp\/v2\/posts\/102783\/revisions"}],"wp:featuredmedia":[{"embeddable":true,"href":"https:\/\/www.europesays.com\/ee\/wp-json\/wp\/v2\/media\/102784"}],"wp:attachment":[{"href":"https:\/\/www.europesays.com\/ee\/wp-json\/wp\/v2\/media?parent=102783"}],"wp:term":[{"taxonomy":"category","embeddable":true,"href":"https:\/\/www.europesays.com\/ee\/wp-json\/wp\/v2\/categories?post=102783"},{"taxonomy":"post_tag","embeddable":true,"href":"https:\/\/www.europesays.com\/ee\/wp-json\/wp\/v2\/tags?post=102783"}],"curies":[{"name":"wp","href":"https:\/\/api.w.org\/{rel}","templated":true}]}}