{"id":102929,"date":"2026-02-07T12:16:13","date_gmt":"2026-02-07T12:16:13","guid":{"rendered":"https:\/\/www.europesays.com\/ee\/102929\/"},"modified":"2026-02-07T12:16:13","modified_gmt":"2026-02-07T12:16:13","slug":"kevad-on-veel-magede-taga-2","status":"publish","type":"post","link":"https:\/\/www.europesays.com\/ee\/102929\/","title":{"rendered":"kevad on veel m\u00e4gede taga"},"content":{"rendered":"<p>17. veebruari vastlap\u00e4eva tuulesuund kannab ilma kohta infot. \u00abKui on tugev ja karge tuul, on asjad mokas,\u00bb \u00fctles ta, arvates, et ilm l\u00e4heb sulaks. \u00abVanarahvas juba teadis, et pool lund on veel taevas, kuu keskel ja l\u00f5pus tuleb juurde,\u00bb lisas ta.<\/p>\n<p>Tugev ja paks j\u00e4\u00e4 merel on samuti m\u00e4rk. \u00abM\u00e4rtsi l\u00f5pus n\u00e4itab veel korralikku k\u00fclma. Aprilli alguses tuleb veel korralik k\u00fclmalaine,\u00bb \u00fctles Saidla.<\/p>\n","protected":false},"excerpt":{"rendered":"17. veebruari vastlap\u00e4eva tuulesuund kannab ilma kohta infot. \u00abKui on tugev ja karge tuul, on asjad mokas,\u00bb \u00fctles&hellip;\n","protected":false},"author":2,"featured_media":102930,"comment_status":"","ping_status":"","sticky":false,"template":"","format":"standard","meta":{"footnotes":"","_share_on_mastodon":"0"},"categories":[5],"tags":[49199,26,27,37,33,35,34,36,31,32,21,668,8293,49200,6997,12546,28,29,49198,19,25,23,24,22,20,30],"class_list":["post-102929","post","type-post","status-publish","format-standard","has-post-thumbnail","category-uldised-uudised","tag-arvo-saidla","tag-breaking-news","tag-breakingnews","tag-ee","tag-eesti","tag-eesti-keel","tag-estonia","tag-estonian","tag-featured-news","tag-featurednews","tag-headlines","tag-ilm","tag-ilmajaam","tag-jaan-kalda","tag-keskkonnaagentuur","tag-keskkonnaagentuuri-ilmateenistus","tag-latest-news","tag-latestnews","tag-metsavana","tag-news","tag-populaarseimad-lood","tag-top-stories","tag-topstories","tag-uldised-uudised","tag-uudised","tag-viimased-uudised"],"share_on_mastodon":{"url":"https:\/\/pubeurope.com\/@ee\/116029304510426573","error":""},"_links":{"self":[{"href":"https:\/\/www.europesays.com\/ee\/wp-json\/wp\/v2\/posts\/102929","targetHints":{"allow":["GET"]}}],"collection":[{"href":"https:\/\/www.europesays.com\/ee\/wp-json\/wp\/v2\/posts"}],"about":[{"href":"https:\/\/www.europesays.com\/ee\/wp-json\/wp\/v2\/types\/post"}],"author":[{"embeddable":true,"href":"https:\/\/www.europesays.com\/ee\/wp-json\/wp\/v2\/users\/2"}],"replies":[{"embeddable":true,"href":"https:\/\/www.europesays.com\/ee\/wp-json\/wp\/v2\/comments?post=102929"}],"version-history":[{"count":0,"href":"https:\/\/www.europesays.com\/ee\/wp-json\/wp\/v2\/posts\/102929\/revisions"}],"wp:featuredmedia":[{"embeddable":true,"href":"https:\/\/www.europesays.com\/ee\/wp-json\/wp\/v2\/media\/102930"}],"wp:attachment":[{"href":"https:\/\/www.europesays.com\/ee\/wp-json\/wp\/v2\/media?parent=102929"}],"wp:term":[{"taxonomy":"category","embeddable":true,"href":"https:\/\/www.europesays.com\/ee\/wp-json\/wp\/v2\/categories?post=102929"},{"taxonomy":"post_tag","embeddable":true,"href":"https:\/\/www.europesays.com\/ee\/wp-json\/wp\/v2\/tags?post=102929"}],"curies":[{"name":"wp","href":"https:\/\/api.w.org\/{rel}","templated":true}]}}