{"id":102960,"date":"2026-02-07T13:09:07","date_gmt":"2026-02-07T13:09:07","guid":{"rendered":"https:\/\/www.europesays.com\/ee\/102960\/"},"modified":"2026-02-07T13:09:07","modified_gmt":"2026-02-07T13:09:07","slug":"usa-astub-samme-minnesotas-kinni-peetud-5-aastase-lapse-valjasaatmiseks","status":"publish","type":"post","link":"https:\/\/www.europesays.com\/ee\/102960\/","title":{"rendered":"USA astub samme Minnesotas kinni peetud 5-aastase lapse v\u00e4ljasaatmiseks"},"content":{"rendered":"<p>USA administratsioon taotleb lapse kiirendatud v\u00e4ljasaatmist, \u00fctles 5-aastase Liam Conejo Ramose advokaat Danielle Molliver v\u00e4ljaandele New York Times. Advokaat kirjeldas sammu erakordsena ja v\u00f5imaliku k\u00e4ttemaksuna.<\/p>\n<p>Sisejulgeolekuministeerium aga eitas kiirendatud v\u00e4ljasaatmise taotlemist.<\/p>\n<p>\u201eNeed on tavap\u00e4rased v\u00e4ljasaatmismenetlused,\u201c \u00fctles ministeeriumi pressiesindaja Tricia McLaughlin. \u201eSee on standardprotseduur ja riigi immigratsiooniseaduste j\u00f5ustamises ei ole midagi k\u00e4ttemaksuhimulist.\u201c<\/p>\n<p>ICE-i maskeeritud agendid v\u00f5tsid 5-aastase poisi kinni 20. jaanuaril, et kasutada teda peibutisena tema isa Adrian Conejo Adriase kodust v\u00e4lja meelitamiseks ja kinni v\u00f5tmiseks. M\u00f5lemad on Ecuadori kodanikud, kes viibisid riigis legaalselt ja ootasid 2024. aastal esitatud as\u00fc\u00fclitaotluse menetlemist.<\/p>\n<p>Juhtum p\u00e4lvis USA-s riiklikku t\u00e4helepanu. President <a rel=\"noopener nofollow\" target=\"_blank\" href=\"https:\/\/www.delfi.ee\/teema\/32758637\/donald-trump\" tag-id=\"32758637\">Donald Trumpi<\/a> administratsioon kaitses nende kinnipidamist, kusjuures sisejulgeolekuministeerium s\u00fc\u00fcdistas meest ebaseaduslikus USA-s viibimises, esitamata t\u00e4iendavaid \u00fcksikasju.<\/p>\n<p>Isa ja poeg viibisid ICE-i kinnipidamisasutuses Texase osariigis Dilleys kuni 31. jaanuarini, kui Texase l\u00e4\u00e4neringkonna kohus andis korralduse nad vabastada. Nad naasid Minnesotasse.<\/p>\n<p>Kohtunik kritiseeris Trumpi immigratsioonivastaseid meetmeid, \u00f6eldes, et juhtumi alguseks on valitsuse halvasti l\u00e4bim\u00f5eldud ja ebakompetentselt elluviidud p\u00fc\u00fcdlus t\u00e4ita v\u00e4ljasaatmiskvoote, isegi kui see n\u00f5uab laste traumeerimist.<\/p>\n<p>Kuidas see lugu Sind end tundma pani? Saada <a href=\"https:\/\/www.delfi.ee\/artikkel\/120434590\/usa-astub-samme-minnesotas-kinni-peetud-5-aastase-lapse-valjasaatmiseks\/kommentaarid\" class=\"article-body-bottom__comment article-body-bottom__comment--write button button--primary button--size-auto\" rel=\"nofollow noopener\" target=\"_blank\"> Kommenteeri <\/a><a href=\"https:\/\/www.delfi.ee\/artikkel\/120434590\/usa-astub-samme-minnesotas-kinni-peetud-5-aastase-lapse-valjasaatmiseks\/kommentaarid\" class=\"article-body-bottom__comment article-body-bottom__comment--read button button--size-auto\" rel=\"nofollow noopener\" target=\"_blank\"> Loe kommentaare (1)<\/a><\/p>\n","protected":false},"excerpt":{"rendered":"USA administratsioon taotleb lapse kiirendatud v\u00e4ljasaatmist, \u00fctles 5-aastase Liam Conejo Ramose advokaat Danielle Molliver v\u00e4ljaandele New York Times.&hellip;\n","protected":false},"author":2,"featured_media":102961,"comment_status":"","ping_status":"","sticky":false,"template":"","format":"standard","meta":{"footnotes":"","_share_on_mastodon":"0"},"categories":[80],"tags":[26,27,324,37,33,35,34,36,31,32,21,3461,28,29,95,28885,19,25,23,24,22,325,20,30,92,93,94],"class_list":["post-102960","post","type-post","status-publish","format-standard","has-post-thumbnail","category-maailm","tag-breaking-news","tag-breakingnews","tag-donald-trump","tag-ee","tag-eesti","tag-eesti-keel","tag-estonia","tag-estonian","tag-featured-news","tag-featurednews","tag-headlines","tag-ice","tag-latest-news","tag-latestnews","tag-maailm","tag-minnesota","tag-news","tag-populaarseimad-lood","tag-top-stories","tag-topstories","tag-uldised-uudised","tag-usa","tag-uudised","tag-viimased-uudised","tag-world","tag-world-news","tag-worldnews"],"share_on_mastodon":{"url":"https:\/\/pubeurope.com\/@ee\/116029512917482432","error":""},"_links":{"self":[{"href":"https:\/\/www.europesays.com\/ee\/wp-json\/wp\/v2\/posts\/102960","targetHints":{"allow":["GET"]}}],"collection":[{"href":"https:\/\/www.europesays.com\/ee\/wp-json\/wp\/v2\/posts"}],"about":[{"href":"https:\/\/www.europesays.com\/ee\/wp-json\/wp\/v2\/types\/post"}],"author":[{"embeddable":true,"href":"https:\/\/www.europesays.com\/ee\/wp-json\/wp\/v2\/users\/2"}],"replies":[{"embeddable":true,"href":"https:\/\/www.europesays.com\/ee\/wp-json\/wp\/v2\/comments?post=102960"}],"version-history":[{"count":0,"href":"https:\/\/www.europesays.com\/ee\/wp-json\/wp\/v2\/posts\/102960\/revisions"}],"wp:featuredmedia":[{"embeddable":true,"href":"https:\/\/www.europesays.com\/ee\/wp-json\/wp\/v2\/media\/102961"}],"wp:attachment":[{"href":"https:\/\/www.europesays.com\/ee\/wp-json\/wp\/v2\/media?parent=102960"}],"wp:term":[{"taxonomy":"category","embeddable":true,"href":"https:\/\/www.europesays.com\/ee\/wp-json\/wp\/v2\/categories?post=102960"},{"taxonomy":"post_tag","embeddable":true,"href":"https:\/\/www.europesays.com\/ee\/wp-json\/wp\/v2\/tags?post=102960"}],"curies":[{"name":"wp","href":"https:\/\/api.w.org\/{rel}","templated":true}]}}