{"id":102986,"date":"2026-02-07T14:03:29","date_gmt":"2026-02-07T14:03:29","guid":{"rendered":"https:\/\/www.europesays.com\/ee\/102986\/"},"modified":"2026-02-07T14:03:29","modified_gmt":"2026-02-07T14:03:29","slug":"hiina-keskpank-jatkab-kulla-kokkukuhveldamist","status":"publish","type":"post","link":"https:\/\/www.europesays.com\/ee\/102986\/","title":{"rendered":"Hiina keskpank j\u00e4tkab kulla kokkuk\u00fchveldamist"},"content":{"rendered":"<p>Hiina keskpank pikendas kulla ostmise perioodi 15 kuuni, mis viitab ametliku n\u00f5udluse j\u00e4tkuvale tugevusele ajal, mil v\u00e4\u00e4rismetalli rekordilisele hinnat\u00f5usule t\u00f5mmati jaanuari l\u00f5pus j\u00e4rsult pidurit.<\/p>\n<p>Hiina Rahvapanga kullareservid suurenesid eelmisel kuul 40 000 untsi v\u00f5rra, selgub laup\u00e4eval avaldatud andmetest. Keskpank alustas oma viimast v\u00e4\u00e4rismetalli ostuts\u00fcklit 2024. aasta novembris.<\/p>\n","protected":false},"excerpt":{"rendered":"Hiina keskpank pikendas kulla ostmise perioodi 15 kuuni, mis viitab ametliku n\u00f5udluse j\u00e4tkuvale tugevusele ajal, mil v\u00e4\u00e4rismetalli rekordilisele&hellip;\n","protected":false},"author":2,"featured_media":102987,"comment_status":"","ping_status":"","sticky":false,"template":"","format":"standard","meta":{"footnotes":"","_share_on_mastodon":"0"},"categories":[14],"tags":[49397,131,130,37,33,35,34,36,49394,9515,49396,49395,47485,49399,11500,49398],"class_list":["post-102986","post","type-post","status-publish","format-standard","has-post-thumbnail","category-ari","tag-ametlik-noudlus-kulla-jarele","tag-ari","tag-business","tag-ee","tag-eesti","tag-eesti-keel","tag-estonia","tag-estonian","tag-hiina-keskpank","tag-kulla-hind","tag-kulla-ostmine","tag-kulla-rekordhind","tag-kullareservid","tag-maailma-kullanoukogu","tag-vaarismetallid","tag-world-gold-council"],"share_on_mastodon":{"url":"https:\/\/pubeurope.com\/@ee\/116029725299171640","error":""},"_links":{"self":[{"href":"https:\/\/www.europesays.com\/ee\/wp-json\/wp\/v2\/posts\/102986","targetHints":{"allow":["GET"]}}],"collection":[{"href":"https:\/\/www.europesays.com\/ee\/wp-json\/wp\/v2\/posts"}],"about":[{"href":"https:\/\/www.europesays.com\/ee\/wp-json\/wp\/v2\/types\/post"}],"author":[{"embeddable":true,"href":"https:\/\/www.europesays.com\/ee\/wp-json\/wp\/v2\/users\/2"}],"replies":[{"embeddable":true,"href":"https:\/\/www.europesays.com\/ee\/wp-json\/wp\/v2\/comments?post=102986"}],"version-history":[{"count":0,"href":"https:\/\/www.europesays.com\/ee\/wp-json\/wp\/v2\/posts\/102986\/revisions"}],"wp:featuredmedia":[{"embeddable":true,"href":"https:\/\/www.europesays.com\/ee\/wp-json\/wp\/v2\/media\/102987"}],"wp:attachment":[{"href":"https:\/\/www.europesays.com\/ee\/wp-json\/wp\/v2\/media?parent=102986"}],"wp:term":[{"taxonomy":"category","embeddable":true,"href":"https:\/\/www.europesays.com\/ee\/wp-json\/wp\/v2\/categories?post=102986"},{"taxonomy":"post_tag","embeddable":true,"href":"https:\/\/www.europesays.com\/ee\/wp-json\/wp\/v2\/tags?post=102986"}],"curies":[{"name":"wp","href":"https:\/\/api.w.org\/{rel}","templated":true}]}}