{"id":102995,"date":"2026-02-07T14:24:14","date_gmt":"2026-02-07T14:24:14","guid":{"rendered":"https:\/\/www.europesays.com\/ee\/102995\/"},"modified":"2026-02-07T14:24:14","modified_gmt":"2026-02-07T14:24:14","slug":"frolovi-hilised-varavad-aitasid-nomme-unitedi-viigini-soccernet-ee","status":"publish","type":"post","link":"https:\/\/www.europesays.com\/ee\/102995\/","title":{"rendered":"Frolovi hilised v\u00e4ravad aitasid N\u00f5mme Unitedi viigini &#8211; Soccernet.ee"},"content":{"rendered":"<p><img decoding=\"async\" src=\"https:\/\/www.europesays.com\/ee\/wp-content\/uploads\/2026\/02\/1770470289.jpg\" alt=\"Andre Frolov. Foto: Brit Maria Tael\"\/>&#13;\n<\/p>\n<p>Saaremaalt k\u00fclma halli t\u00f5ttu Raplasse \u00fcle viidud Taliturniiri kohtumises tegid FC Kuressaare ja N\u00f5mme United 3:3 viigi. Kaks hilist v\u00e4ravat l\u00f5i n\u00f5mmekate kapten Andre Frolov.<\/p>\n<p>Kuressaare l\u00e4ks t\u00e4nu kahele penaltile 2:0 juhtima, penalti realiseerisid Andero Kivi ja Rasmus L\u00f5hmus. Benjamine Chisala v\u00e4hendas vahet, aga Markus Johannes Leivategija tegi seisuks 3:1.&#13;\n<\/p>\n<p>84. ja 87. minutil, kui Kuressaare oli terve algkoosseisu v\u00e4lja vahetanud, skooris Premium liiga m\u00e4ngude rekordit (521) hoidev Andre Frolov, kes viibis v\u00e4ljakul kohtumise algusest l\u00f5puni.&#13;\n<\/p>\n<p>Eelmisel n\u00e4dalavahetusel olid nii Kure (2:9 P\u00e4rnu Vapruselt) kui ka United (0:6 Tartu Tammekalt) saanud Taliturniiril suureskoorilise kaotuse.<\/p>\n<p>Protokoll:&#13;\n<\/p>\n<p>7. veebruaril kell 12.00 Rapla jalgpallihallis&#13;\n<\/p>\n<p>FC Kuressaare &#8211; FC N\u00f5mme United\u00a0 3:3 (1:0)<br \/>&#13;<br \/>\n40. pen. Andero Kivi, 64. pen. Rasmus L\u00f5hmus, 71. Markus Johannes Leivategija &#8211; 68. Benjamine Chisala, 84., 87. Andre Frolov&#13;\n<\/p>\n<p>Hoiatus: 57.\u00a0Yosuke Morishige<br \/>&#13;<br \/>\nPeakohtunik:\u00a0Martin Altmets<br \/>&#13;<br \/>\nAbikohtunikud:\u00a0Oskar Neeme, Alo Rosme<\/p>\n<p>Kuressaare:\u00a0Karl-Romet N\u00f5mm, Sten Patrick Prunn, Marco Lukka, Rico Piil, Rasmus Saar, Deivid Andreas, Sander Sinilaid, Aston Visse, Markus Johannes Leivategija, Jevgeni Demidov, Andero Kivi.<br \/>&#13;<br \/>\nVahetusest:\u00a0Kaimar Markov, Karl Mattias Kahju, Joosep Lonks, Mairold \u00d5ispuu, Mattias Opp, Raian Soosalu, Johann Vaherm\u00e4gi, Joonas Vaherm\u00e4gi, Rasmus L\u00f5hmus, Rando Tarkmeel.&#13;\n<\/p>\n<p>United:\u00a0Gregor P\u00fcrg, Henri J\u00e4rvelaid, Mathias Palts, Yosuke Morishige, Aleksandr Alteberg, Bruno Vain, Gert Kabal, Andre Frolov, Rico Palu, Dacosta Owusu, Kevin M\u00e4tas.<br \/>&#13;<br \/>\nVahetusest:\u00a0Georg Mattias Lagus, Benjamine Chisala, Mark Villem Marmei, Ivan Krasnov, Artsemi Radomski, Karl L\u00e4\u00e4nelaid, Aleksandr Medvedjev, Ken Ristjan M\u00f6lder.&#13;<\/p>\n","protected":false},"excerpt":{"rendered":"&#13; Saaremaalt k\u00fclma halli t\u00f5ttu Raplasse \u00fcle viidud Taliturniiri kohtumises tegid FC Kuressaare ja N\u00f5mme United 3:3 viigi.&hellip;\n","protected":false},"author":2,"featured_media":102996,"comment_status":"","ping_status":"","sticky":false,"template":"","format":"standard","meta":{"footnotes":"","_share_on_mastodon":"0"},"categories":[18],"tags":[14419,37,33,35,34,36,451,3971,14420,456,1813,159,158],"class_list":["post-102995","post","type-post","status-publish","format-standard","has-post-thumbnail","category-sport","tag-andre-frolov","tag-ee","tag-eesti","tag-eesti-keel","tag-estonia","tag-estonian","tag-fc-kuressaare","tag-fc-nomme-united","tag-frolov","tag-kuressaare","tag-nomme-united","tag-sport","tag-sports"],"share_on_mastodon":{"url":"https:\/\/pubeurope.com\/@ee\/116029807940250719","error":""},"_links":{"self":[{"href":"https:\/\/www.europesays.com\/ee\/wp-json\/wp\/v2\/posts\/102995","targetHints":{"allow":["GET"]}}],"collection":[{"href":"https:\/\/www.europesays.com\/ee\/wp-json\/wp\/v2\/posts"}],"about":[{"href":"https:\/\/www.europesays.com\/ee\/wp-json\/wp\/v2\/types\/post"}],"author":[{"embeddable":true,"href":"https:\/\/www.europesays.com\/ee\/wp-json\/wp\/v2\/users\/2"}],"replies":[{"embeddable":true,"href":"https:\/\/www.europesays.com\/ee\/wp-json\/wp\/v2\/comments?post=102995"}],"version-history":[{"count":0,"href":"https:\/\/www.europesays.com\/ee\/wp-json\/wp\/v2\/posts\/102995\/revisions"}],"wp:featuredmedia":[{"embeddable":true,"href":"https:\/\/www.europesays.com\/ee\/wp-json\/wp\/v2\/media\/102996"}],"wp:attachment":[{"href":"https:\/\/www.europesays.com\/ee\/wp-json\/wp\/v2\/media?parent=102995"}],"wp:term":[{"taxonomy":"category","embeddable":true,"href":"https:\/\/www.europesays.com\/ee\/wp-json\/wp\/v2\/categories?post=102995"},{"taxonomy":"post_tag","embeddable":true,"href":"https:\/\/www.europesays.com\/ee\/wp-json\/wp\/v2\/tags?post=102995"}],"curies":[{"name":"wp","href":"https:\/\/api.w.org\/{rel}","templated":true}]}}